{"id":247106,"date":"2025-08-02T00:04:29","date_gmt":"2025-08-01T22:04:29","guid":{"rendered":"https:\/\/www.messinaoggi.it\/website\/2025\/08\/01\/manovra-ter-schifani-previsti-investimenti-contro-la-poverta\/"},"modified":"2025-08-02T15:00:29","modified_gmt":"2025-08-02T13:00:29","slug":"manovra-ter-schifani-previsti-investimenti-contro-la-poverta","status":"publish","type":"post","link":"https:\/\/www.messinaoggi.it\/website\/2025\/08\/02\/manovra-ter-schifani-previsti-investimenti-contro-la-poverta\/","title":{"rendered":"Manovra Ter, Schifani \u201cPrevisti investimenti contro la povert\u00e0\u201d"},"content":{"rendered":"<div>\n<p>BARCELLONA POZZO DI GOTTO (MESSINA) (ITALPRESS) \u2013<em> \u201cE\u2019 una manovra che tra i 50 milioni di giugno e quelli di questi giorni tocca quota 400 milioni, che verranno erogati in investimenti, nel sociale e contro la povert\u00e0\u201d.<\/em> Cos\u00ec il presidente della <strong>Regione<\/strong> <strong>Siciliana<\/strong>, <strong>Renato Schifani<\/strong>, sulla manovra ter, a margine dell\u2019inaugurazione del pronto soccorso dell\u2019ospedale a Barcellona Pozzo di Gotto, in provincia di Messina.<div id=\"div-gpt-ad-Messinaoggi.it-DSK-300x250-corpoart\" style=\"text-align:center;margin:0 auto;\"><\/div><\/p>\n<p><em>\u201cRicordo<\/em> \u2013 aggiunge \u2013<em> che quando si facevano manovre a livello comunale, regionale, o anche nazionale, erano manovre fatte a met\u00e0 anno per trovare risorse, per rimpinguare qualche capitolo che si era esaurito e allora si spostavano da capitolo a capitolo. La manovra era utile a questo, per coprire dei capitoli che si erano esauriti\u201d.<\/em><div id=\"videoincontent\" style=\"clear:both\";><\/div><\/p>\n<p><em> \u201cAdesso<\/em> \u2013 sottolinea <strong>Schifani<\/strong> \u2013 <em>\u00e8 cambiata la linea, perch\u00e9 da due anni che noi facciamo una manovra espansiva, cio\u00e8 che amplifica i capitoli, creandone addirittura di nuovi: come la videosorveglianza. Quindi il trend \u00e8 oggettivo, \u00e8 per questo che ora se ne parla in termini positivi\u201d.<\/em><\/p>\n<p><em> \u201cFino a qualche anno fa<\/em> \u2013 prosegue \u2013<em> si parlava in termini negativi. L\u2019economia andava in maniera diversa evidentemente per tanti fattori, ma parlo di manovre a livello comunale, regionale. Quando si parla di manovre e variazioni di bilancio naturalmente queste variazioni hanno il segno pi\u00f9, mentre prima in passato le variazioni di bilancio avevano il segno meno. C\u2019\u00e8 un trend che \u00e8 cambiato\u201d.<\/em> Poi, conclude <em>\u201csperiamo entro mercoled\u00ec di concludere questo iter\u201d.<\/em><\/p>\n<p>\u2013 Foto screenshot video Italpress \u2013<\/p>\n<p>(ITALPRESS)<\/p>\n<\/div>\n","protected":false},"excerpt":{"rendered":"<p>BARCELLONA POZZO DI GOTTO (MESSINA) (ITALPRESS) \u2013 \u201cE\u2019 una manovra che tra i 50 milioni di giugno e quelli di questi giorni tocca quota 400 milioni, che verranno erogati in investimenti, nel sociale e contro la povert\u00e0\u201d. Cos\u00ec il presidente della Regione Siciliana, Renato Schifani, sulla manovra ter, a margine dell\u2019inaugurazione del pronto soccorso dell\u2019ospedale [&hellip;]<\/p>\n","protected":false},"author":18,"featured_media":247107,"comment_status":"closed","ping_status":"closed","sticky":false,"template":"","format":"standard","meta":{"ub_ctt_via":"","_mi_skip_tracking":false},"categories":[19,2449],"tags":[783],"featured_image_src":"https:\/\/www.messinaoggi.it\/website\/wp-content\/uploads\/2025\/08\/schifani.jpg","author_info":{"display_name":"Admin","author_link":"https:\/\/www.messinaoggi.it\/website\/author\/admin\/"},"digistream_id":0,"digistream":false,"_links":{"self":[{"href":"https:\/\/www.messinaoggi.it\/website\/wp-json\/wp\/v2\/posts\/247106"}],"collection":[{"href":"https:\/\/www.messinaoggi.it\/website\/wp-json\/wp\/v2\/posts"}],"about":[{"href":"https:\/\/www.messinaoggi.it\/website\/wp-json\/wp\/v2\/types\/post"}],"author":[{"embeddable":true,"href":"https:\/\/www.messinaoggi.it\/website\/wp-json\/wp\/v2\/users\/18"}],"replies":[{"embeddable":true,"href":"https:\/\/www.messinaoggi.it\/website\/wp-json\/wp\/v2\/comments?post=247106"}],"version-history":[{"count":1,"href":"https:\/\/www.messinaoggi.it\/website\/wp-json\/wp\/v2\/posts\/247106\/revisions"}],"predecessor-version":[{"id":247134,"href":"https:\/\/www.messinaoggi.it\/website\/wp-json\/wp\/v2\/posts\/247106\/revisions\/247134"}],"wp:featuredmedia":[{"embeddable":true,"href":"https:\/\/www.messinaoggi.it\/website\/wp-json\/wp\/v2\/media\/247107"}],"wp:attachment":[{"href":"https:\/\/www.messinaoggi.it\/website\/wp-json\/wp\/v2\/media?parent=247106"}],"wp:term":[{"taxonomy":"category","embeddable":true,"href":"https:\/\/www.messinaoggi.it\/website\/wp-json\/wp\/v2\/categories?post=247106"},{"taxonomy":"post_tag","embeddable":true,"href":"https:\/\/www.messinaoggi.it\/website\/wp-json\/wp\/v2\/tags?post=247106"}],"curies":[{"name":"wp","href":"https:\/\/api.w.org\/{rel}","templated":true}]}}