{"id":247104,"date":"2025-08-01T20:04:26","date_gmt":"2025-08-01T18:04:26","guid":{"rendered":"https:\/\/www.messinaoggi.it\/website\/2025\/08\/01\/riapre-il-pronto-soccorso-di-barcellona-schifani-e-faraoni-puntiamo-a-medicina-di-prossimita\/"},"modified":"2025-08-01T20:04:26","modified_gmt":"2025-08-01T18:04:26","slug":"riapre-il-pronto-soccorso-di-barcellona-schifani-e-faraoni-puntiamo-a-medicina-di-prossimita","status":"publish","type":"post","link":"https:\/\/www.messinaoggi.it\/website\/2025\/08\/01\/riapre-il-pronto-soccorso-di-barcellona-schifani-e-faraoni-puntiamo-a-medicina-di-prossimita\/","title":{"rendered":"Riapre il pronto soccorso di Barcellona, Schifani e Faraoni \u201cPuntiamo a medicina di prossimit\u00e0\u201d"},"content":{"rendered":"<div>\n<p>BARCELLONA POZZO DI GOTTO (MESSINA) (ITALPRESS) \u2013 <em>\u201cLa riapertura del pronto soccorso dell\u2019ospedale Cutroni-Zodda, dopo due anni di chiusura e il precedente utilizzo come Covid hospital, consente di dotare un territorio vasto di un servizio indispensabile per la popolazione e di potenziare il sistema sanitario locale. Le risorse investite hanno permesso di riqualificare gli spazi, aumentare il numero di posti, garantire nuove dotazioni tecnologiche. Prosegue il lavoro del nostro governo per il miglioramento della qualit\u00e0 dell\u2019assistenza sanitaria, potendo contare anche su una collaborazione tra pubblico e privato per garantire a tutti i cittadini l\u2019accesso alle cure in tempi ragionevoli e personale qualificato\u201d.<\/em><div id=\"div-gpt-ad-Messinaoggi.it-DSK-300x250-corpoart\" style=\"text-align:center;margin:0 auto;\"><\/div><\/p>\n<p>Lo ha dichiarato il presidente della <strong>Regione<\/strong> <strong>Siciliana<\/strong>, <strong>Renato<\/strong> <strong>Schifani<\/strong>, partecipando all\u2019inaugurazione del nuovo pronto soccorso dell\u2019ospedale di Barcellona Pozzo di Gotto, alla presenza dell\u2019assessore regionale alla Salute, Daniela Faraoni, e del direttore generale Asp Messina, Giuseppe Cucc\u00ec. Tra i presenti, anche, il dirigente generale del dipartimento Pianificazione strategica, Salvatore Iacolino, il sindaco della Citt\u00e0 metropolitana di Messina, Federico Basile, il vicesindaco di Barcellona Pozzo di Gotto, Nicola Barbera e altri sindaci del comprensorio.<div id=\"videoincontent\" style=\"clear:both\";><\/div><\/p>\n<p><em>\u201cRestituire questa struttura alla piena funzionalit\u00e0 rientra nel piano programmatico per il territorio<\/em> \u2013 ha aggiunto l\u2019assessore <strong>Faraoni<\/strong> \u2013 <em>che si sviluppa in collaborazione con le organizzazioni che operano a stretto contatto con la popolazione, per garantire il percorso di emergenza-urgenza quanto pi\u00f9 accessibile per i pazienti di una determinata area. Continuiamo a lavorare con impegno per la valorizzazione della medicina di prossimit\u00e0, nella quale rientrano anche le case e gli ospedali di comunit\u00e0, per affrontare con competenza e professionalit\u00e0 le acuzie che possono interessare i nostri concittadini\u201d<\/em>.<\/p>\n<p>\u2013 Foto<\/p>\n<p>(ITALPRESS)<\/p>\n<\/div>\n","protected":false},"excerpt":{"rendered":"<p>BARCELLONA POZZO DI GOTTO (MESSINA) (ITALPRESS) \u2013 \u201cLa riapertura del pronto soccorso dell\u2019ospedale Cutroni-Zodda, dopo due anni di chiusura e il precedente utilizzo come Covid hospital, consente di dotare un territorio vasto di un servizio indispensabile per la popolazione e di potenziare il sistema sanitario locale. Le risorse investite hanno permesso di riqualificare gli spazi, [&hellip;]<\/p>\n","protected":false},"author":18,"featured_media":247105,"comment_status":"closed","ping_status":"closed","sticky":false,"template":"","format":"standard","meta":{"ub_ctt_via":"","_mi_skip_tracking":false},"categories":[2449],"tags":[783],"featured_image_src":"https:\/\/www.messinaoggi.it\/website\/wp-content\/uploads\/2025\/08\/pronto-soccorso-barcellona-PDG-e1754067829646.jpg","author_info":{"display_name":"Admin","author_link":"https:\/\/www.messinaoggi.it\/website\/author\/admin\/"},"digistream_id":0,"digistream":false,"_links":{"self":[{"href":"https:\/\/www.messinaoggi.it\/website\/wp-json\/wp\/v2\/posts\/247104"}],"collection":[{"href":"https:\/\/www.messinaoggi.it\/website\/wp-json\/wp\/v2\/posts"}],"about":[{"href":"https:\/\/www.messinaoggi.it\/website\/wp-json\/wp\/v2\/types\/post"}],"author":[{"embeddable":true,"href":"https:\/\/www.messinaoggi.it\/website\/wp-json\/wp\/v2\/users\/18"}],"replies":[{"embeddable":true,"href":"https:\/\/www.messinaoggi.it\/website\/wp-json\/wp\/v2\/comments?post=247104"}],"version-history":[{"count":0,"href":"https:\/\/www.messinaoggi.it\/website\/wp-json\/wp\/v2\/posts\/247104\/revisions"}],"wp:featuredmedia":[{"embeddable":true,"href":"https:\/\/www.messinaoggi.it\/website\/wp-json\/wp\/v2\/media\/247105"}],"wp:attachment":[{"href":"https:\/\/www.messinaoggi.it\/website\/wp-json\/wp\/v2\/media?parent=247104"}],"wp:term":[{"taxonomy":"category","embeddable":true,"href":"https:\/\/www.messinaoggi.it\/website\/wp-json\/wp\/v2\/categories?post=247104"},{"taxonomy":"post_tag","embeddable":true,"href":"https:\/\/www.messinaoggi.it\/website\/wp-json\/wp\/v2\/tags?post=247104"}],"curies":[{"name":"wp","href":"https:\/\/api.w.org\/{rel}","templated":true}]}}