{"id":247030,"date":"2025-08-01T12:09:26","date_gmt":"2025-08-01T10:09:26","guid":{"rendered":"https:\/\/www.messinaoggi.it\/website\/2025\/08\/01\/giustizia-nordio-con-la-riforma-giudice-terzo-e-imparziale\/"},"modified":"2025-08-01T17:43:41","modified_gmt":"2025-08-01T15:43:41","slug":"giustizia-nordio-con-la-riforma-giudice-terzo-e-imparziale","status":"publish","type":"post","link":"https:\/\/www.messinaoggi.it\/website\/2025\/08\/01\/giustizia-nordio-con-la-riforma-giudice-terzo-e-imparziale\/","title":{"rendered":"Giustizia, Nordio \u201cCon la riforma giudice terzo e imparziale\u201d"},"content":{"rendered":"<div>ROMA (ITALPRESS) &#8211; <em>&#8220;Dalla riforma uscir\u00e0 veramente un giudice terzo e imparziale. Oggi un cittadino sottoposto a processo non sa che i suoi giudici vengono a loro volta valutati, nella carriera e nell&#8217;eventuale procedimento disciplinare, anche dai suoi accusatori. Che i pm diano i voti ai giudicanti \u00e8 un&#8217;anomalia tutta italiana, e quando ne parlo in sedi internazionali i colleghi stranieri manifestano incredulit\u00e0&#8221;. <\/em>Cos\u00ec il ministro della Giustizia Carlo <strong>Nordio,<\/strong> in un&#8217;intervista a L&#8217;Economista, il supplemento economico de Il Riformista.<div id=\"div-gpt-ad-Messinaoggi.it-DSK-300x250-corpoart\" style=\"text-align:center;margin:0 auto;\"><\/div><\/p>\n<p>Il guardasigilli sottolinea poi come il testo <em>&#8220;ridurr\u00e0 i poteri delle correnti e liberer\u00e0 la magistratura dai suoi condizionamenti interni. Far\u00e0 acquistare ai cittadini pi\u00f9 fiducia nella giustizia, e quindi sar\u00e0 benefica per la certezza dei rapporti giuridici, anche economici&#8221;<\/em>. Sul fronte dell&#8217;efficientamento della giustizia, Nordio spiega che sar\u00e0 garantito <em>&#8220;dalla digitalizzazione del sistema giudiziario, compresa l&#8217;inclusione della banca dati delle decisioni civili, gratuita e accessibile. Pi\u00f9 che sui risparmi puntiamo sul potenziamento delle risorse&#8221;.<\/em> Contro la piaga del sovraffollamento delle carceri Nordio non ha dubbi: <em>&#8220;Non si far\u00e0 n\u00e8 indulto n\u00e8 liberazione anticipata, provvedimenti che se motivati dall&#8217;esigenza di ridurre il sovraffollamento carcerario, non solo costituiscono una manifestazione di debolezza dello Stato o addirittura di resa, ma sono anche inutili&#8221;.<\/em><div id=\"videoincontent\" style=\"clear:both\";><\/div><\/p>\n<p>-Foto: Ipa Agency-<\/p>\n<p>(ITALPRESS).<\/p><\/div>\n","protected":false},"excerpt":{"rendered":"<p>ROMA (ITALPRESS) &#8211; &#8220;Dalla riforma uscir\u00e0 veramente un giudice terzo e imparziale. Oggi un cittadino sottoposto a processo non sa che i suoi giudici vengono a loro volta valutati, nella carriera e nell&#8217;eventuale procedimento disciplinare, anche dai suoi accusatori. Che i pm diano i voti ai giudicanti \u00e8 un&#8217;anomalia tutta italiana, e quando ne parlo [&hellip;]<\/p>\n","protected":false},"author":18,"featured_media":247031,"comment_status":"closed","ping_status":"closed","sticky":false,"template":"","format":"standard","meta":{"ub_ctt_via":"","_mi_skip_tracking":false},"categories":[446,4],"tags":[783],"featured_image_src":"https:\/\/www.messinaoggi.it\/website\/wp-content\/uploads\/2025\/08\/20250801_0168.jpg","author_info":{"display_name":"Admin","author_link":"https:\/\/www.messinaoggi.it\/website\/author\/admin\/"},"digistream_id":0,"digistream":false,"_links":{"self":[{"href":"https:\/\/www.messinaoggi.it\/website\/wp-json\/wp\/v2\/posts\/247030"}],"collection":[{"href":"https:\/\/www.messinaoggi.it\/website\/wp-json\/wp\/v2\/posts"}],"about":[{"href":"https:\/\/www.messinaoggi.it\/website\/wp-json\/wp\/v2\/types\/post"}],"author":[{"embeddable":true,"href":"https:\/\/www.messinaoggi.it\/website\/wp-json\/wp\/v2\/users\/18"}],"replies":[{"embeddable":true,"href":"https:\/\/www.messinaoggi.it\/website\/wp-json\/wp\/v2\/comments?post=247030"}],"version-history":[{"count":1,"href":"https:\/\/www.messinaoggi.it\/website\/wp-json\/wp\/v2\/posts\/247030\/revisions"}],"predecessor-version":[{"id":247075,"href":"https:\/\/www.messinaoggi.it\/website\/wp-json\/wp\/v2\/posts\/247030\/revisions\/247075"}],"wp:featuredmedia":[{"embeddable":true,"href":"https:\/\/www.messinaoggi.it\/website\/wp-json\/wp\/v2\/media\/247031"}],"wp:attachment":[{"href":"https:\/\/www.messinaoggi.it\/website\/wp-json\/wp\/v2\/media?parent=247030"}],"wp:term":[{"taxonomy":"category","embeddable":true,"href":"https:\/\/www.messinaoggi.it\/website\/wp-json\/wp\/v2\/categories?post=247030"},{"taxonomy":"post_tag","embeddable":true,"href":"https:\/\/www.messinaoggi.it\/website\/wp-json\/wp\/v2\/tags?post=247030"}],"curies":[{"name":"wp","href":"https:\/\/api.w.org\/{rel}","templated":true}]}}