{"id":247026,"date":"2025-08-01T12:09:23","date_gmt":"2025-08-01T10:09:23","guid":{"rendered":"https:\/\/www.messinaoggi.it\/website\/2025\/08\/01\/dazi-trump-firma-ordine-esecutivo-per-nuove-tariffe-dal-7-agosto\/"},"modified":"2025-08-01T18:14:12","modified_gmt":"2025-08-01T16:14:12","slug":"dazi-trump-firma-ordine-esecutivo-per-nuove-tariffe-dal-7-agosto","status":"publish","type":"post","link":"https:\/\/www.messinaoggi.it\/website\/2025\/08\/01\/dazi-trump-firma-ordine-esecutivo-per-nuove-tariffe-dal-7-agosto\/","title":{"rendered":"Dazi, Trump firma ordine esecutivo per nuove tariffe dal 7 agosto"},"content":{"rendered":"<div>WASHINGTON (STATI UNITI) (ITALPRESS) &#8211; Il presidente degli Stati Uniti, Donald Trump, ha firmato nella notte italiana l&#8217;ordine esecutivo con il quale vengono imposti i nuovi dazi a diversi Paesi, che variano dall&#8217;11% al 41%. Confermato l&#8217;accordo raggiunto in Scozia con l&#8217;Unione europea. Ai prodotti Ue, infatti, saranno applicati dazi pari al 15%. I nuovi dazi entreranno in vigore il 7 agosto, infatti fino ad allora rimarranno ai livelli attuali. Il presidente Usa ha anche annunciato un periodo di negoziazione di 90 giorni con il Messico, mantenendo le attuali aliquote tariffarie del 25%. <br \/>La maggior parte dei Paesi sar\u00e0 soggetta a dazi del 15%, con alcuni Stati che si trovano ad affrontare aliquote pi\u00f9 elevate, come il Sudafrica al 30%, la Serbia al 35% e la Svizzera al 39%.<br \/>L&#8217;India vedr\u00e0 i suoi prodotti tassati al 25%, a cui si aggiunger\u00e0 una sorta di &#8220;penalit\u00e0&#8221; ulteriore perch\u00e8 acquista petrolio da Mosca. &#8220;Alcuni partner commerciali hanno concordato, o sono sul punto di concordare, impegni commerciali e di sicurezza significativi con gli Stati Uniti, dimostrando cos\u00ec la loro sincera intenzione di porre rimedio in modo permanente alle barriere commerciali che hanno contribuito all&#8217;emergenza nazionale e di allinearsi con gli Stati Uniti su questioni economiche e di sicurezza nazionale&#8221;, ha spiegato Trump nell&#8217;ordinanza. &#8220;Altri partner commerciali, pur avendo avviato negoziati, hanno offerto condizioni che, a mio giudizio, non affrontano sufficientemente gli squilibri nelle nostre relazioni commerciali o non sono riusciti ad allinearsi sufficientemente con gli Stati Uniti su questioni economiche e di sicurezza nazionale. Vi sono anche alcuni partner commerciali che non hanno avviato negoziati con gli Stati Uniti o non hanno adottato misure adeguate per allinearsi sufficientemente con gli Stati Uniti su questioni economiche e di sicurezza nazionale&#8221;, ha aggiunto. <br \/>(ITALPRESS).<br \/>-Foto: Ipa Agency-<\/div>\n<div id=\"div-gpt-ad-Messinaoggi.it-DSK-300x250-corpoart\" style=\"text-align:center;margin:0 auto;\"><\/div><\/p><div id=\"videoincontent\" style=\"clear:both\";><\/div>","protected":false},"excerpt":{"rendered":"<p>WASHINGTON (STATI UNITI) (ITALPRESS) &#8211; Il presidente degli Stati Uniti, Donald Trump, ha firmato nella notte italiana l&#8217;ordine esecutivo con il quale vengono imposti i nuovi dazi a diversi Paesi, che variano dall&#8217;11% al 41%. Confermato l&#8217;accordo raggiunto in Scozia con l&#8217;Unione europea. Ai prodotti Ue, infatti, saranno applicati dazi pari al 15%. I nuovi [&hellip;]<\/p>\n","protected":false},"author":18,"featured_media":247027,"comment_status":"closed","ping_status":"closed","sticky":false,"template":"","format":"standard","meta":{"ub_ctt_via":"","_mi_skip_tracking":false},"categories":[446,4],"tags":[783],"featured_image_src":"https:\/\/www.messinaoggi.it\/website\/wp-content\/uploads\/2025\/08\/20250801_0078.jpg","author_info":{"display_name":"Admin","author_link":"https:\/\/www.messinaoggi.it\/website\/author\/admin\/"},"digistream_id":0,"digistream":false,"_links":{"self":[{"href":"https:\/\/www.messinaoggi.it\/website\/wp-json\/wp\/v2\/posts\/247026"}],"collection":[{"href":"https:\/\/www.messinaoggi.it\/website\/wp-json\/wp\/v2\/posts"}],"about":[{"href":"https:\/\/www.messinaoggi.it\/website\/wp-json\/wp\/v2\/types\/post"}],"author":[{"embeddable":true,"href":"https:\/\/www.messinaoggi.it\/website\/wp-json\/wp\/v2\/users\/18"}],"replies":[{"embeddable":true,"href":"https:\/\/www.messinaoggi.it\/website\/wp-json\/wp\/v2\/comments?post=247026"}],"version-history":[{"count":1,"href":"https:\/\/www.messinaoggi.it\/website\/wp-json\/wp\/v2\/posts\/247026\/revisions"}],"predecessor-version":[{"id":247098,"href":"https:\/\/www.messinaoggi.it\/website\/wp-json\/wp\/v2\/posts\/247026\/revisions\/247098"}],"wp:featuredmedia":[{"embeddable":true,"href":"https:\/\/www.messinaoggi.it\/website\/wp-json\/wp\/v2\/media\/247027"}],"wp:attachment":[{"href":"https:\/\/www.messinaoggi.it\/website\/wp-json\/wp\/v2\/media?parent=247026"}],"wp:term":[{"taxonomy":"category","embeddable":true,"href":"https:\/\/www.messinaoggi.it\/website\/wp-json\/wp\/v2\/categories?post=247026"},{"taxonomy":"post_tag","embeddable":true,"href":"https:\/\/www.messinaoggi.it\/website\/wp-json\/wp\/v2\/tags?post=247026"}],"curies":[{"name":"wp","href":"https:\/\/api.w.org\/{rel}","templated":true}]}}