{"id":247010,"date":"2025-07-31T22:09:27","date_gmt":"2025-07-31T20:09:27","guid":{"rendered":"https:\/\/www.messinaoggi.it\/website\/2025\/07\/31\/occhiuto-non-mi-faro-fermare-mi-dimetto-e-mi-ricandido\/"},"modified":"2025-07-31T22:09:27","modified_gmt":"2025-07-31T20:09:27","slug":"occhiuto-non-mi-faro-fermare-mi-dimetto-e-mi-ricandido","status":"publish","type":"post","link":"https:\/\/www.messinaoggi.it\/website\/2025\/07\/31\/occhiuto-non-mi-faro-fermare-mi-dimetto-e-mi-ricandido\/","title":{"rendered":"Occhiuto \u201cNon mi far\u00f2 fermare, mi dimetto e mi ricandido\u201d"},"content":{"rendered":"<div>CATANZARO (ITALPRESS) &#8211; &#8220;Ho deciso di dimettermi, ma ho deciso anche di ricandidarmi, ho deciso di dire ai calabresi: siate voi a scrivere il futuro della Calabria, siate voi a dire se la Calabria si deve fermare o se questo lavoro deve proseguire. Tra qualche settimana, quindi, si andr\u00e0 a votare, e saranno i calabresi a decidere il futuro della Calabria, non altri&#8221;. Lo ha annunciato, tramite un video social, il presidente della Regione Calabria Roberto Occhiuto.<br \/>&#8220;Ma perch\u00e8 quando qualcuno cerca di fare qualcosa di buono in questa Regione, tanti altri &#8211; che godono solo per il fallimento della Calabria &#8211; vorrebbero fermarlo? E&#8217; quello che sta succedendo oggi in Calabria &#8211; prosegue Occhiuto &#8211; Ho deciso di portarvi qui, di farvi vedere questo cantiere, il cantiere della metropolitana di Catanzaro &#8211; aggiunge -. Ma avrei potuto portarvi in tanti altri luoghi della Calabria &#8211; a Sibari, nell&#8217;ospedale della Sibaritide; a Vibo, nell&#8217;ospedale di Vibo; a Palmi; nei cantieri degli aeroporti; in quelli della SS106 &#8211; per farvi vedere quante opere si stanno realizzando e quante opere oggi si vorrebbero fermare. Chi vorrebbe fermarle, la magistratura? No, io non ce l&#8217;ho con la magistratura. Non cambio idea: ho sempre detto che in una Regione complicata come la Calabria i magistrati devono fare il loro lavoro serenamente. D&#8217;altra parte, io ho chiarito ogni cosa, non ho nulla da temere dall&#8217;inchiesta giudiziaria. Sapete con chi ce l&#8217;ho? Ce l&#8217;ho con tutti questi politici di secondo piano, tutti questi che in politica non hanno mai realizzato nulla per la Calabria in tanti anni. Ce l&#8217;ho con questi odiatori, con queste persone arrabbiate con la vita, che tifano per il fallimento della Calabria, che quasi sono contenti quando si parla male della Calabria. Ce l&#8217;ho con questi che utilizzano l&#8217;inchiesta giudiziaria come una clava per indebolire o per uccidere politicamente il presidente della Regione: non sar\u00e0 cos\u00ec. Per\u00f2 devo considerare anche quello che sta succedendo nella mia amministrazione. Guardate, io penso che in un Paese civile nessuno debba dimettersi perch\u00e8 riceve un avviso di garanzia, nessuno. Per\u00f2 nella mia amministrazione oggi sta succedendo che \u00e8 tutto bloccato: nessuno si assume la responsabilit\u00e0 di firmare niente, tutti pensano che questa esperienza sia come quelle precedenti&#8221;.<br \/>&#8220;Negli ultimi 30 anni in Calabria nell&#8217;ultimo anno o nell&#8217;ultimo anno e mezzo di legislatura &#8211; prosegue Occhiuto &#8211; i presidenti venivano coinvolti in un&#8217;inchiesta giudiziaria, poi magari venivano archiviati, finiva tutto quanto in niente, per\u00f2 venivano decapitati politicamente, e si fermava la legislatura. Anzi, per un anno si parlava soltanto di questo. La Calabria non se lo pu\u00f2 consentire. La Calabria ha avviato un percorso che finalmente la sta facendo diventare una Regione che non \u00e8 pi\u00f9 in ginocchio rispetto alle altre Regioni d&#8217;Italia&#8221;, ha concluso.<br \/>&#8211; foto Ipa Agency &#8211;<br \/>(ITALPRESS).<\/div>\n<div id=\"div-gpt-ad-Messinaoggi.it-DSK-300x250-corpoart\" style=\"text-align:center;margin:0 auto;\"><\/div><\/p><div id=\"videoincontent\" style=\"clear:both\";><\/div>","protected":false},"excerpt":{"rendered":"<p>CATANZARO (ITALPRESS) &#8211; &#8220;Ho deciso di dimettermi, ma ho deciso anche di ricandidarmi, ho deciso di dire ai calabresi: siate voi a scrivere il futuro della Calabria, siate voi a dire se la Calabria si deve fermare o se questo lavoro deve proseguire. Tra qualche settimana, quindi, si andr\u00e0 a votare, e saranno i calabresi [&hellip;]<\/p>\n","protected":false},"author":18,"featured_media":247011,"comment_status":"closed","ping_status":"closed","sticky":false,"template":"","format":"standard","meta":{"ub_ctt_via":"","_mi_skip_tracking":false},"categories":[446],"tags":[783],"featured_image_src":"https:\/\/www.messinaoggi.it\/website\/wp-content\/uploads\/2025\/07\/20250731_2348.jpg","author_info":{"display_name":"Admin","author_link":"https:\/\/www.messinaoggi.it\/website\/author\/admin\/"},"digistream_id":0,"digistream":false,"_links":{"self":[{"href":"https:\/\/www.messinaoggi.it\/website\/wp-json\/wp\/v2\/posts\/247010"}],"collection":[{"href":"https:\/\/www.messinaoggi.it\/website\/wp-json\/wp\/v2\/posts"}],"about":[{"href":"https:\/\/www.messinaoggi.it\/website\/wp-json\/wp\/v2\/types\/post"}],"author":[{"embeddable":true,"href":"https:\/\/www.messinaoggi.it\/website\/wp-json\/wp\/v2\/users\/18"}],"replies":[{"embeddable":true,"href":"https:\/\/www.messinaoggi.it\/website\/wp-json\/wp\/v2\/comments?post=247010"}],"version-history":[{"count":0,"href":"https:\/\/www.messinaoggi.it\/website\/wp-json\/wp\/v2\/posts\/247010\/revisions"}],"wp:featuredmedia":[{"embeddable":true,"href":"https:\/\/www.messinaoggi.it\/website\/wp-json\/wp\/v2\/media\/247011"}],"wp:attachment":[{"href":"https:\/\/www.messinaoggi.it\/website\/wp-json\/wp\/v2\/media?parent=247010"}],"wp:term":[{"taxonomy":"category","embeddable":true,"href":"https:\/\/www.messinaoggi.it\/website\/wp-json\/wp\/v2\/categories?post=247010"},{"taxonomy":"post_tag","embeddable":true,"href":"https:\/\/www.messinaoggi.it\/website\/wp-json\/wp\/v2\/tags?post=247010"}],"curies":[{"name":"wp","href":"https:\/\/api.w.org\/{rel}","templated":true}]}}