{"id":247004,"date":"2025-07-31T22:04:23","date_gmt":"2025-07-31T20:04:23","guid":{"rendered":"https:\/\/www.messinaoggi.it\/website\/2025\/07\/31\/messina-lascio-fratelli-ditalia-non-aderiro-ad-altri-partiti\/"},"modified":"2025-08-01T18:15:08","modified_gmt":"2025-08-01T16:15:08","slug":"messina-lascio-fratelli-ditalia-non-aderiro-ad-altri-partiti","status":"publish","type":"post","link":"https:\/\/www.messinaoggi.it\/website\/2025\/07\/31\/messina-lascio-fratelli-ditalia-non-aderiro-ad-altri-partiti\/","title":{"rendered":"Messina \u201cLascio Fratelli d\u2019Italia, non aderir\u00f2 ad altri partiti\u201d"},"content":{"rendered":"<div>\n<p>ROMA (ITALPRESS) \u2013 \u201c<em><strong>Comunico la mia decisione di lasciare il partito Fratelli d\u2019Italia<\/strong> <strong>e di rassegnare le dimissioni dal gruppo parlamentare<\/strong>. Non aderir\u00f2 ad altri partiti, n\u00e9 ora n\u00e9 in futuro. Nei prossimi giorni valuter\u00f2 con senso di responsabilit\u00e0 se proseguire il mio mandato parlamentare, continuando a sostenere il<strong> Presidente Giorgia Meloni<\/strong> e il suo Governo, oppure se concludere anticipatamente questa esperienza, lasciando anche il ruolo da deputato. Un\u2019esperienza intensa, che ha rappresentato la mia passione e il mio impegno pi\u00f9 autentico verso la politica, a cui ho dedicato gran parte della mia vita\u201d.<\/em> Cos\u00ec in una nota il deputato <strong>Manlio Messina.<\/strong><div id=\"div-gpt-ad-Messinaoggi.it-DSK-300x250-corpoart\" style=\"text-align:center;margin:0 auto;\"><\/div><\/p>\n<p>-Foto IPA Agency-<br \/>\n(ITALPRESS).<div id=\"videoincontent\" style=\"clear:both\";><\/div><\/p>\n<\/div>\n","protected":false},"excerpt":{"rendered":"<p>ROMA (ITALPRESS) \u2013 \u201cComunico la mia decisione di lasciare il partito Fratelli d\u2019Italia e di rassegnare le dimissioni dal gruppo parlamentare. Non aderir\u00f2 ad altri partiti, n\u00e9 ora n\u00e9 in futuro. Nei prossimi giorni valuter\u00f2 con senso di responsabilit\u00e0 se proseguire il mio mandato parlamentare, continuando a sostenere il Presidente Giorgia Meloni e il suo [&hellip;]<\/p>\n","protected":false},"author":18,"featured_media":247005,"comment_status":"closed","ping_status":"closed","sticky":false,"template":"","format":"standard","meta":{"ub_ctt_via":"","_mi_skip_tracking":false},"categories":[4,2449],"tags":[783],"featured_image_src":"https:\/\/www.messinaoggi.it\/website\/wp-content\/uploads\/2025\/07\/Manlio-Messina.jpg","author_info":{"display_name":"Admin","author_link":"https:\/\/www.messinaoggi.it\/website\/author\/admin\/"},"digistream_id":0,"digistream":false,"_links":{"self":[{"href":"https:\/\/www.messinaoggi.it\/website\/wp-json\/wp\/v2\/posts\/247004"}],"collection":[{"href":"https:\/\/www.messinaoggi.it\/website\/wp-json\/wp\/v2\/posts"}],"about":[{"href":"https:\/\/www.messinaoggi.it\/website\/wp-json\/wp\/v2\/types\/post"}],"author":[{"embeddable":true,"href":"https:\/\/www.messinaoggi.it\/website\/wp-json\/wp\/v2\/users\/18"}],"replies":[{"embeddable":true,"href":"https:\/\/www.messinaoggi.it\/website\/wp-json\/wp\/v2\/comments?post=247004"}],"version-history":[{"count":1,"href":"https:\/\/www.messinaoggi.it\/website\/wp-json\/wp\/v2\/posts\/247004\/revisions"}],"predecessor-version":[{"id":247101,"href":"https:\/\/www.messinaoggi.it\/website\/wp-json\/wp\/v2\/posts\/247004\/revisions\/247101"}],"wp:featuredmedia":[{"embeddable":true,"href":"https:\/\/www.messinaoggi.it\/website\/wp-json\/wp\/v2\/media\/247005"}],"wp:attachment":[{"href":"https:\/\/www.messinaoggi.it\/website\/wp-json\/wp\/v2\/media?parent=247004"}],"wp:term":[{"taxonomy":"category","embeddable":true,"href":"https:\/\/www.messinaoggi.it\/website\/wp-json\/wp\/v2\/categories?post=247004"},{"taxonomy":"post_tag","embeddable":true,"href":"https:\/\/www.messinaoggi.it\/website\/wp-json\/wp\/v2\/tags?post=247004"}],"curies":[{"name":"wp","href":"https:\/\/api.w.org\/{rel}","templated":true}]}}