{"id":246992,"date":"2025-08-01T00:09:24","date_gmt":"2025-07-31T22:09:24","guid":{"rendered":"https:\/\/www.messinaoggi.it\/website\/2025\/07\/31\/tajani-lista-russofobi-inaccettabile-non-ci-facciamo-intimidire\/"},"modified":"2025-08-01T18:15:31","modified_gmt":"2025-08-01T16:15:31","slug":"tajani-lista-russofobi-inaccettabile-non-ci-facciamo-intimidire","status":"publish","type":"post","link":"https:\/\/www.messinaoggi.it\/website\/2025\/08\/01\/tajani-lista-russofobi-inaccettabile-non-ci-facciamo-intimidire\/","title":{"rendered":"Tajani \u201cLista russofobi inaccettabile, non ci facciamo intimidire\u201d"},"content":{"rendered":"<div>ROMA (ITALPRESS) &#8211; &#8220;Abbiamo convocato ieri alla Farnesina l&#8217;ambasciatore russo, abbiamo manifestato profondo sconcerto per questa lista di proscrizione dei russofobi, accuse prive di ogni fondamento. E&#8217; inaccettabile, \u00e8 un&#8217;offesa a tutto il popolo italiano. Non ci facciamo intimidire da una lista del Ministero russo&#8221;. Cos\u00ec il vicepremier e ministro degli Esteri, Antonio Tajani, nel corso di un punto stampa presso l&#8217;Unit\u00e0 di Crisi della Farnesina.<br \/>&#8220;Difendere il diritto internazionale non significa essere russofobi &#8211; osserva -, dire che \u00e8 inaccettabile che si invade un Paese nulla ha a che fare con il sentimento italiano nei confronti della Russia. Noi abbiamo sempre difeso l&#8217;Ucraina ma mai una volta abbiamo detto che siamo in guerra con la Russia. Respingiamo al mittente le accuse che ci vengono fatte&#8221;.<div id=\"div-gpt-ad-Messinaoggi.it-DSK-300x250-corpoart\" style=\"text-align:center;margin:0 auto;\"><\/div><\/p>\n<p>&#8211; Foto IPA Agency &#8211;<div id=\"videoincontent\" style=\"clear:both\";><\/div><\/p>\n<p>(ITALPRESS).<\/p><\/div>\n","protected":false},"excerpt":{"rendered":"<p>ROMA (ITALPRESS) &#8211; &#8220;Abbiamo convocato ieri alla Farnesina l&#8217;ambasciatore russo, abbiamo manifestato profondo sconcerto per questa lista di proscrizione dei russofobi, accuse prive di ogni fondamento. E&#8217; inaccettabile, \u00e8 un&#8217;offesa a tutto il popolo italiano. Non ci facciamo intimidire da una lista del Ministero russo&#8221;. Cos\u00ec il vicepremier e ministro degli Esteri, Antonio Tajani, nel [&hellip;]<\/p>\n","protected":false},"author":18,"featured_media":246993,"comment_status":"closed","ping_status":"closed","sticky":false,"template":"","format":"standard","meta":{"ub_ctt_via":"","_mi_skip_tracking":false},"categories":[446,4],"tags":[783],"featured_image_src":"https:\/\/www.messinaoggi.it\/website\/wp-content\/uploads\/2025\/07\/20250731_0695.jpg","author_info":{"display_name":"Admin","author_link":"https:\/\/www.messinaoggi.it\/website\/author\/admin\/"},"digistream_id":0,"digistream":false,"_links":{"self":[{"href":"https:\/\/www.messinaoggi.it\/website\/wp-json\/wp\/v2\/posts\/246992"}],"collection":[{"href":"https:\/\/www.messinaoggi.it\/website\/wp-json\/wp\/v2\/posts"}],"about":[{"href":"https:\/\/www.messinaoggi.it\/website\/wp-json\/wp\/v2\/types\/post"}],"author":[{"embeddable":true,"href":"https:\/\/www.messinaoggi.it\/website\/wp-json\/wp\/v2\/users\/18"}],"replies":[{"embeddable":true,"href":"https:\/\/www.messinaoggi.it\/website\/wp-json\/wp\/v2\/comments?post=246992"}],"version-history":[{"count":1,"href":"https:\/\/www.messinaoggi.it\/website\/wp-json\/wp\/v2\/posts\/246992\/revisions"}],"predecessor-version":[{"id":247102,"href":"https:\/\/www.messinaoggi.it\/website\/wp-json\/wp\/v2\/posts\/246992\/revisions\/247102"}],"wp:featuredmedia":[{"embeddable":true,"href":"https:\/\/www.messinaoggi.it\/website\/wp-json\/wp\/v2\/media\/246993"}],"wp:attachment":[{"href":"https:\/\/www.messinaoggi.it\/website\/wp-json\/wp\/v2\/media?parent=246992"}],"wp:term":[{"taxonomy":"category","embeddable":true,"href":"https:\/\/www.messinaoggi.it\/website\/wp-json\/wp\/v2\/categories?post=246992"},{"taxonomy":"post_tag","embeddable":true,"href":"https:\/\/www.messinaoggi.it\/website\/wp-json\/wp\/v2\/tags?post=246992"}],"curies":[{"name":"wp","href":"https:\/\/api.w.org\/{rel}","templated":true}]}}