{"id":246990,"date":"2025-07-31T16:04:23","date_gmt":"2025-07-31T14:04:23","guid":{"rendered":"https:\/\/www.messinaoggi.it\/website\/2025\/07\/31\/galvagno-rivendicato-a-probiviri-di-fdi-la-legittimita-del-mio-operato\/"},"modified":"2025-08-01T18:15:41","modified_gmt":"2025-08-01T16:15:41","slug":"galvagno-rivendicato-a-probiviri-di-fdi-la-legittimita-del-mio-operato","status":"publish","type":"post","link":"https:\/\/www.messinaoggi.it\/website\/2025\/07\/31\/galvagno-rivendicato-a-probiviri-di-fdi-la-legittimita-del-mio-operato\/","title":{"rendered":"Galvagno \u201cRivendicato a probiviri di FdI la legittimit\u00e0 del mio operato\u201d"},"content":{"rendered":"<div>\n<p>PALERMO (ITALPRESS) \u2013 <em>\u201cA seguito della mia richiesta, oggi \u2013 primo giorno utile dopo la conclusione delle indagini preliminari \u2013 sono stato ascoltato dal collegio dei probiviri del mio partito che ho gi\u00e0 avuto modo di ringraziare per la disponibilit\u00e0 e l\u2019attenzione. \u00c8 stato un confronto puntuale e rigoroso, a cui hanno partecipato e sono anche intervenuti i miei difensori di fiducia, gli avvocati Ninni Reina ed Antonia Lo Presti, in cui ho esposto, i fatti oggetto degli approfondimenti investigativi, compresi quelli sulle presunte utilit\u00e0 personali che la stessa Procura di Palermo ha ritenuto di non sussistere, tanto da farli decadere. Da protagonista principale della mia vita pubblica e privata ho raccontato ogni verit\u00e0 senza tralasciare alcun dettaglio, dissipando quei dubbi legittimi frutto anche di una campagna mediatica che ha cercato in maniera sistemica di nuocere non solo a me, ma anche all\u2019immagine del mio partito, questione che mi ha molto addolorato\u201d.<\/em><div id=\"div-gpt-ad-Messinaoggi.it-DSK-300x250-corpoart\" style=\"text-align:center;margin:0 auto;\"><\/div><\/p>\n<p>Lo afferma <strong>Gaetano Galvagno<\/strong>, deputato regionale di FdI e presidente dell\u2019<strong>Assemblea Regionale Siciliana<\/strong>. <em>\u201cIn particolare, sull\u2019ipotesi di peculato ho gi\u00e0 dimostrato come eventualmente sia stato interpretato sino ad oggi il regolamento ed ho ribadito la necessit\u00e0 di redigerne uno nuovo che possa essere chiaro e non equivocato in futuro, un\u2019iniziativa che \u00e8 gi\u00e0 oggetto di esame da parte degli uffici dell\u2019Ars. Come ho avuto modo di sottolineare all\u2019inizio di questa vicenda, chi come me riveste ruoli di responsabilit\u00e0 deve sempre garantire le giuste spiegazioni sul proprio operato ed \u00e8 doveroso che si sottoponga con seriet\u00e0 ad ogni analisi non solo della propria attivit\u00e0 istituzionale, ma anche della sua vita privata: \u00e8 uno dei tratti fondamentali che caratterizza l\u2019appartenenza a Fratelli d\u2019Italia, la casa politica in cui mi sono sempre riconosciuto e che, proprio attraverso istituzioni come il collegio dei probiviri, si conferma essere il partito serio che oggi governa con merito la nostra Nazione\u201d<\/em> conclude <strong>Galvagno<\/strong>.<div id=\"videoincontent\" style=\"clear:both\";><\/div><\/p>\n<p>\u2013 Foto IPA Agency \u2013<\/p>\n<p>(ITALPRESS)<\/p>\n<\/div>\n","protected":false},"excerpt":{"rendered":"<p>PALERMO (ITALPRESS) \u2013 \u201cA seguito della mia richiesta, oggi \u2013 primo giorno utile dopo la conclusione delle indagini preliminari \u2013 sono stato ascoltato dal collegio dei probiviri del mio partito che ho gi\u00e0 avuto modo di ringraziare per la disponibilit\u00e0 e l\u2019attenzione. \u00c8 stato un confronto puntuale e rigoroso, a cui hanno partecipato e sono [&hellip;]<\/p>\n","protected":false},"author":18,"featured_media":246991,"comment_status":"closed","ping_status":"closed","sticky":false,"template":"","format":"standard","meta":{"ub_ctt_via":"","_mi_skip_tracking":false},"categories":[4,2449],"tags":[783],"featured_image_src":"https:\/\/www.messinaoggi.it\/website\/wp-content\/uploads\/2025\/07\/IPA_Agency_FGR3675317.jpg","author_info":{"display_name":"Admin","author_link":"https:\/\/www.messinaoggi.it\/website\/author\/admin\/"},"digistream_id":0,"digistream":false,"_links":{"self":[{"href":"https:\/\/www.messinaoggi.it\/website\/wp-json\/wp\/v2\/posts\/246990"}],"collection":[{"href":"https:\/\/www.messinaoggi.it\/website\/wp-json\/wp\/v2\/posts"}],"about":[{"href":"https:\/\/www.messinaoggi.it\/website\/wp-json\/wp\/v2\/types\/post"}],"author":[{"embeddable":true,"href":"https:\/\/www.messinaoggi.it\/website\/wp-json\/wp\/v2\/users\/18"}],"replies":[{"embeddable":true,"href":"https:\/\/www.messinaoggi.it\/website\/wp-json\/wp\/v2\/comments?post=246990"}],"version-history":[{"count":1,"href":"https:\/\/www.messinaoggi.it\/website\/wp-json\/wp\/v2\/posts\/246990\/revisions"}],"predecessor-version":[{"id":247103,"href":"https:\/\/www.messinaoggi.it\/website\/wp-json\/wp\/v2\/posts\/246990\/revisions\/247103"}],"wp:featuredmedia":[{"embeddable":true,"href":"https:\/\/www.messinaoggi.it\/website\/wp-json\/wp\/v2\/media\/246991"}],"wp:attachment":[{"href":"https:\/\/www.messinaoggi.it\/website\/wp-json\/wp\/v2\/media?parent=246990"}],"wp:term":[{"taxonomy":"category","embeddable":true,"href":"https:\/\/www.messinaoggi.it\/website\/wp-json\/wp\/v2\/categories?post=246990"},{"taxonomy":"post_tag","embeddable":true,"href":"https:\/\/www.messinaoggi.it\/website\/wp-json\/wp\/v2\/tags?post=246990"}],"curies":[{"name":"wp","href":"https:\/\/api.w.org\/{rel}","templated":true}]}}