{"id":246966,"date":"2025-07-31T11:09:24","date_gmt":"2025-07-31T09:09:24","guid":{"rendered":"https:\/\/www.messinaoggi.it\/website\/2025\/07\/31\/vasseur-rinnova-e-prosegue-lavoro-con-scuderia-ferrari\/"},"modified":"2025-07-31T11:09:24","modified_gmt":"2025-07-31T09:09:24","slug":"vasseur-rinnova-e-prosegue-lavoro-con-scuderia-ferrari","status":"publish","type":"post","link":"https:\/\/www.messinaoggi.it\/website\/2025\/07\/31\/vasseur-rinnova-e-prosegue-lavoro-con-scuderia-ferrari\/","title":{"rendered":"Vasseur rinnova e prosegue lavoro con Scuderia Ferrari"},"content":{"rendered":"<div>MARANELLO (MODENA) (ITALPRESS) &#8211; La <strong>Scuderia Ferrari<\/strong> ha reso nota <em>&#8220;<strong>l&#8217;estensione, con un contratto pluriennale, dell&#8217;accordo con Fred Vasseur<\/strong>, che continuer\u00e0 a ricoprire il ruolo di Team Principal per le prossime stagioni di Formula 1&#8243;.<\/em><div id=\"div-gpt-ad-Messinaoggi.it-DSK-300x250-corpoart\" style=\"text-align:center;margin:0 auto;\"><\/div><\/p>\n<p><em>&#8220;Fred \u00e8 entrato a far parte della Scuderia all&#8217;inizio del 2023, portando con s\u00e8 una vasta esperienza nel mondo dei motori e una comprovata capacit\u00e0 di sviluppare talenti e costruire team competitivi a tutti i livelli del motorsport. Da allora, ha gettato basi solide con l&#8217;ambizione di riportare la Ferrari al vertice della Formula 1&#8221;<\/em>, si legge nella nota odierna del team di Maranello.<div id=\"videoincontent\" style=\"clear:both\";><\/div><\/p>\n<p><em>&#8220;Il rinnovo del contratto di Fred riflette la determinazione di Ferrari a costruire sulle basi gettate finora. La sua capacit\u00e0 di guidare sotto pressione, di abbracciare l&#8217;innovazione e di perseguire la performance \u00e8 pienamente in linea con i valori e le ambizioni a lungo termine di Ferrari&#8221;<\/em>, ha aggiunta la scuderia italiana.<\/p>\n<p><em>&#8220;Sotto la guida di Fred, la Scuderia Ferrari \u00e8 unita, concentrata e impegnata nel miglioramento continuo. La fiducia riposta in lui riflette la fiducia del team nella propria direzione strategica e rafforza la determinazione condivisa di ottenere i risultati che i tifosi, i piloti e i membri del team Ferrari si aspettano e meritano&#8221;<\/em>, concludono da Maranello.<\/p>\n<p><em>&#8220;Oggi vogliamo riconoscere ci\u00f2 che \u00e8 stato costruito e impegnarci per ci\u00f2 che ancora deve essere realizzato. Questo riflette la nostra fiducia nella leadership di Fred, una fiducia radicata in ambizioni condivise, aspettative reciproche e chiare responsabilit\u00e0. Andiamo avanti con determinazione e concentrazione, uniti nel perseguire il livello di performance a cui la Ferrari deve mirare&#8221;<\/em>, ha detto <strong>Benedetto<\/strong> <strong>Vigna<\/strong>, ceo <strong>Ferrari<\/strong>.<\/p>\n<p><em>&#8220;Sono grato alla Ferrari per la fiducia che continua a riporre in me. Questo rinnovo non \u00e8 solo una conferma, ma una sfida a continuare a progredire, a rimanere concentrati e a dare il massimo. Negli ultimi 30 mesi abbiamo gettato delle basi solide e ora dobbiamo costruire con costanza e determinazione. Sappiamo cosa ci si aspetta da noi e siamo tutti impegnati al massimo per soddisfare queste aspettative e a compiere insieme il prossimo passo in avanti&#8221;<\/em>, ha affermato infine il Team Principal, <strong>Fred<\/strong> <strong>Vasseur<\/strong>.<\/p>\n<p>&#8211; foto IPA Agency &#8211;<\/p>\n<p>(ITALPRESS)<\/p><\/div>\n","protected":false},"excerpt":{"rendered":"<p>MARANELLO (MODENA) (ITALPRESS) &#8211; La Scuderia Ferrari ha reso nota &#8220;l&#8217;estensione, con un contratto pluriennale, dell&#8217;accordo con Fred Vasseur, che continuer\u00e0 a ricoprire il ruolo di Team Principal per le prossime stagioni di Formula 1&#8243;. &#8220;Fred \u00e8 entrato a far parte della Scuderia all&#8217;inizio del 2023, portando con s\u00e8 una vasta esperienza nel mondo dei [&hellip;]<\/p>\n","protected":false},"author":18,"featured_media":246967,"comment_status":"closed","ping_status":"closed","sticky":false,"template":"","format":"standard","meta":{"ub_ctt_via":"","_mi_skip_tracking":false},"categories":[446],"tags":[783],"featured_image_src":"https:\/\/www.messinaoggi.it\/website\/wp-content\/uploads\/2025\/07\/20250731_0129.jpg","author_info":{"display_name":"Admin","author_link":"https:\/\/www.messinaoggi.it\/website\/author\/admin\/"},"digistream_id":0,"digistream":false,"_links":{"self":[{"href":"https:\/\/www.messinaoggi.it\/website\/wp-json\/wp\/v2\/posts\/246966"}],"collection":[{"href":"https:\/\/www.messinaoggi.it\/website\/wp-json\/wp\/v2\/posts"}],"about":[{"href":"https:\/\/www.messinaoggi.it\/website\/wp-json\/wp\/v2\/types\/post"}],"author":[{"embeddable":true,"href":"https:\/\/www.messinaoggi.it\/website\/wp-json\/wp\/v2\/users\/18"}],"replies":[{"embeddable":true,"href":"https:\/\/www.messinaoggi.it\/website\/wp-json\/wp\/v2\/comments?post=246966"}],"version-history":[{"count":0,"href":"https:\/\/www.messinaoggi.it\/website\/wp-json\/wp\/v2\/posts\/246966\/revisions"}],"wp:featuredmedia":[{"embeddable":true,"href":"https:\/\/www.messinaoggi.it\/website\/wp-json\/wp\/v2\/media\/246967"}],"wp:attachment":[{"href":"https:\/\/www.messinaoggi.it\/website\/wp-json\/wp\/v2\/media?parent=246966"}],"wp:term":[{"taxonomy":"category","embeddable":true,"href":"https:\/\/www.messinaoggi.it\/website\/wp-json\/wp\/v2\/categories?post=246966"},{"taxonomy":"post_tag","embeddable":true,"href":"https:\/\/www.messinaoggi.it\/website\/wp-json\/wp\/v2\/tags?post=246966"}],"curies":[{"name":"wp","href":"https:\/\/api.w.org\/{rel}","templated":true}]}}