{"id":246938,"date":"2025-07-31T00:09:26","date_gmt":"2025-07-30T22:09:26","guid":{"rendered":"https:\/\/www.messinaoggi.it\/website\/2025\/07\/30\/mattarella-russia-ha-cancellato-lequilibrio-della-pace\/"},"modified":"2025-07-31T10:22:45","modified_gmt":"2025-07-31T08:22:45","slug":"mattarella-russia-ha-cancellato-lequilibrio-della-pace","status":"publish","type":"post","link":"https:\/\/www.messinaoggi.it\/website\/2025\/07\/31\/mattarella-russia-ha-cancellato-lequilibrio-della-pace\/","title":{"rendered":"Mattarella \u201cRussia ha cancellato l\u2019equilibrio della pace\u201d"},"content":{"rendered":"<div>ROMA (ITALPRESS) &#8211; &#8220;Sul piano della realt\u00e0 delle relazioni internazionali la scelta e la postura della Russia hanno, pi\u00f9 che stravolto, cancellato l&#8217;equilibrio; equilibrio che garantisce la pace e dissuade da avventure di guerra&#8221;. Cos\u00ec il presidente della Repubblica, Sergio Mattarella, nel corso della tradizionale cerimonia del Ventaglio con la stampa parlamentare.<br \/>&#8220;E&#8217; la storia &#8211; maestra di vita &#8211; che insegna che, fin tanto che non saremo riusciti a eliminare dalla vita internazionale le tentazioni di dominio su altri popoli (ci\u00f2 che, pi\u00f9 o meno, equivale a far scomparire il male dall&#8217;umanit\u00e0), \u00e8 l&#8217;equilibrio che impedisce di seguire le tentazioni di dominio&#8221;, osserva. <br \/>Il Capo dello Stato ha parlato anche della situazione a Gaza che, &#8220;di giorno in giorno appare sempre pi\u00f9 grave e intollerabile. Speriamo che alle pause annunciate corrispondano spazi di effettivo cessate il fuoco&#8221;. Ha inoltre sottolineato che c&#8217;\u00e8 &#8220;una diffusa tendenza alla contrapposizione irriducibile, alla intolleranza alle opinioni diverse dalle proprie, al rifugio in slogan superficiali e in pregiudizi, tra i quali riaffiora, gravissimo, l&#8217;antisemitismo, che si alimenta anche di stupidit\u00e0&#8221;.<br \/>-foto Quirinale &#8211;<br \/>(ITALPRESS).<\/div>\n<div id=\"div-gpt-ad-Messinaoggi.it-DSK-300x250-corpoart\" style=\"text-align:center;margin:0 auto;\"><\/div><\/p><div id=\"videoincontent\" style=\"clear:both\";><\/div>","protected":false},"excerpt":{"rendered":"<p>ROMA (ITALPRESS) &#8211; &#8220;Sul piano della realt\u00e0 delle relazioni internazionali la scelta e la postura della Russia hanno, pi\u00f9 che stravolto, cancellato l&#8217;equilibrio; equilibrio che garantisce la pace e dissuade da avventure di guerra&#8221;. Cos\u00ec il presidente della Repubblica, Sergio Mattarella, nel corso della tradizionale cerimonia del Ventaglio con la stampa parlamentare.&#8220;E&#8217; la storia &#8211; [&hellip;]<\/p>\n","protected":false},"author":18,"featured_media":246939,"comment_status":"closed","ping_status":"closed","sticky":false,"template":"","format":"standard","meta":{"ub_ctt_via":"","_mi_skip_tracking":false},"categories":[446,4],"tags":[783],"featured_image_src":"https:\/\/www.messinaoggi.it\/website\/wp-content\/uploads\/2025\/07\/20250730_2445.jpg","author_info":{"display_name":"Admin","author_link":"https:\/\/www.messinaoggi.it\/website\/author\/admin\/"},"digistream_id":0,"digistream":false,"_links":{"self":[{"href":"https:\/\/www.messinaoggi.it\/website\/wp-json\/wp\/v2\/posts\/246938"}],"collection":[{"href":"https:\/\/www.messinaoggi.it\/website\/wp-json\/wp\/v2\/posts"}],"about":[{"href":"https:\/\/www.messinaoggi.it\/website\/wp-json\/wp\/v2\/types\/post"}],"author":[{"embeddable":true,"href":"https:\/\/www.messinaoggi.it\/website\/wp-json\/wp\/v2\/users\/18"}],"replies":[{"embeddable":true,"href":"https:\/\/www.messinaoggi.it\/website\/wp-json\/wp\/v2\/comments?post=246938"}],"version-history":[{"count":1,"href":"https:\/\/www.messinaoggi.it\/website\/wp-json\/wp\/v2\/posts\/246938\/revisions"}],"predecessor-version":[{"id":246948,"href":"https:\/\/www.messinaoggi.it\/website\/wp-json\/wp\/v2\/posts\/246938\/revisions\/246948"}],"wp:featuredmedia":[{"embeddable":true,"href":"https:\/\/www.messinaoggi.it\/website\/wp-json\/wp\/v2\/media\/246939"}],"wp:attachment":[{"href":"https:\/\/www.messinaoggi.it\/website\/wp-json\/wp\/v2\/media?parent=246938"}],"wp:term":[{"taxonomy":"category","embeddable":true,"href":"https:\/\/www.messinaoggi.it\/website\/wp-json\/wp\/v2\/categories?post=246938"},{"taxonomy":"post_tag","embeddable":true,"href":"https:\/\/www.messinaoggi.it\/website\/wp-json\/wp\/v2\/tags?post=246938"}],"curies":[{"name":"wp","href":"https:\/\/api.w.org\/{rel}","templated":true}]}}