{"id":246936,"date":"2025-07-30T21:09:24","date_gmt":"2025-07-30T19:09:24","guid":{"rendered":"https:\/\/www.messinaoggi.it\/website\/2025\/07\/30\/roma-capitale-dal-cdm-via-libera-al-ddl-costituzionale-per-la-riforma\/"},"modified":"2025-07-30T21:09:24","modified_gmt":"2025-07-30T19:09:24","slug":"roma-capitale-dal-cdm-via-libera-al-ddl-costituzionale-per-la-riforma","status":"publish","type":"post","link":"https:\/\/www.messinaoggi.it\/website\/2025\/07\/30\/roma-capitale-dal-cdm-via-libera-al-ddl-costituzionale-per-la-riforma\/","title":{"rendered":"Roma Capitale, dal Cdm via libera al ddl costituzionale per la riforma"},"content":{"rendered":"<div>ROMA (ITALPRESS) &#8211; Il Consiglio dei Ministri ha approvato il ddl costituzionale per Roma Capitale.<br \/>\n&#8220;La Capitale d&#8217;Italia \u00e8 Roma. E Roma non \u00e8 una citt\u00e0 come le altre. E&#8217; la Citt\u00e0 Eterna, \u00e8 la Capitale del cristianesimo e del Mediterraneo. Ma \u00e8 anche il Comune pi\u00f9 popoloso e pi\u00f9 esteso della Nazione, custodisce la maggiore concentrazione di beni storici e culturali al mondo, ospita il Vaticano, gli Organi costituzionali, numerose Organizzazioni internazionali e le rappresentanze diplomatiche. Eppure, a fronte di tutto questo, del ruolo che Roma ha, delle funzioni che svolge e del peso che sostiene per adempiere a quel ruolo e a quelle funzioni, la citt\u00e0 \u00e8 governata &#8211; di fatto &#8211; con gli stessi poteri di un Comune da poche migliaia di abitanti&#8221;, afferma il premier Giorgia Meloni in un video sui social.<br \/>\n&#8220;Ed \u00e8 impietoso il paragone con le altre Capitali europee e mondiali, che godono di status particolari e sono delegate ad esercitare poteri specifici &#8211; aggiunge -. E&#8217; un tema di cui si discute da svariati decenni, ma che nessuno, prima di noi, aveva avuto il coraggio e la determinazione di affrontare concretamente &#8211; prosegue -. Oggi il Governo ha approvato una riforma costituzionale che inserisce Roma Capitale tra gli Enti costitutivi della Repubblica e attribuisce a Roma Capitale poteri legislativi su materie che toccano la vita quotidiana dei romani, come l&#8217;urbanistica, il trasporto pubblico locale, il commercio, il turismo, la valorizzazione dei beni culturali e ambientali. La riforma prevede anche che, con una successiva legge, sia stabilito il nuovo ruolo che dovranno avere i Municipi nell&#8217;assetto futuro della citt\u00e0&#8221;.<br \/>\n&#8220;Grazie a questa riforma, frutto di un lavoro condiviso con la Regione Lazio e il Campidoglio, potremo finalmente restituire a Roma il valore che merita e che la storia le riconosce. E&#8217; un impegno che abbiamo fissato nel programma di governo e che abbiamo mantenuto, un altro impegno mantenuto, perch\u00e8 tutte le Nazioni serie e degne di questo nome si rendono conto di quanto siano importanti la credibilit\u00e0, il prestigio, l&#8217;autorevolezza della propria Capitale. E noi non vogliamo pi\u00f9 essere da meno, perch\u00e9 investire su Roma significa investire sul futuro della Nazione&#8221;, conclude Meloni.<div id=\"div-gpt-ad-Messinaoggi.it-DSK-300x250-corpoart\" style=\"text-align:center;margin:0 auto;\"><\/div><\/p>\n<p>Marco Penna, capo del Dipartimento Lega Autonomia Roma Capitale e membro del tavolo interministeriale che ha lavorato alla stesura del testo, esprime grande soddisfazione per il risultato raggiunto.<br \/>\n\u201cQuando Roma otterr\u00e0 una reale autonomia, al pari delle altre capitali europee \u2013 afferma Penna \u2013 anche l\u2019Europa potr\u00e0 compiere un salto di qualit\u00e0. La Citt\u00e0 Eterna non \u00e8 soltanto un luogo fisico, ma un\u2019idea: l\u2019idea di una civilt\u00e0 millenaria che pu\u00f2 diventare il fondamento su cui costruire una solida identit\u00e0 europea e rilanciare ogni progetto autenticamente europeista&#8221;.<br \/>\nIl disegno di legge mira a riconoscere a Roma una piena e concreta dimensione di Capitale, dotandola di funzioni e competenze speciali. Tra i punti centrali del provvedimento vi \u00e8 anche il decentramento amministrativo in favore dei municipi, con l\u2019obiettivo di responsabilizzare maggiormente gli amministratori locali e migliorare l\u2019efficienza della gestione pubblica.<br \/>\n\u201cQuesto provvedimento \u2013 conclude Penna \u2013 rappresenta un punto di svolta non solo per Roma, ma per tutto il Paese. \u00c8 il primo passo verso il riconoscimento di Roma come Capitale della Cultura Europea e come centro propulsore di una nuova stagione per l\u2019Europa&#8221;.<div id=\"videoincontent\" style=\"clear:both\";><\/div><\/p>\n<p>\u201cL\u2019approvazione in Consiglio dei ministri di un disegno di legge costituzionale su Roma Capitale \u00e8 un\u2019ottima notizia, una soluzione che Forza Italia ha auspicato per dare ancora pi\u00f9 forza all\u2019approvazione di una riforma sulla quale siamo stati i primi a credere e a lavorare con forza nel corso di questa legislatura, avviandone l\u2019esame in commissione alla Camera con la presentazione di una nostra proposta della quale ho l\u2019onore di essere primo firmatario e relatore &#8211; dichiara Paolo Barelli, presidente del gruppo parlamentare di Forza Italia alla Camera -. Il testo del governo riprende pienamente lo spirito della nostra proposta di legge, con poteri legislativi attribuiti immediatamente a Roma Capitale, con la previsione di un regime peculiare di autonomia amministrativa e finanziaria e con il principio del decentramento amministrativo. Ci sono ora, finalmente, tutte le condizioni necessarie per procedere spediti nell\u2019attuazione di un obiettivo indispensabile atteso da troppo tempo. Ci auguriamo che anche le forze politiche di opposizione e il sindaco Gualtieri vorranno essere parte attiva di questa riforma che guarda esclusivamente all\u2019interesse di Roma e dell\u2019Italia\u201d.<\/p>\n<p>&#8211; Foto IPA Agency &#8211;<\/p>\n<p>(ITALPRESS).<\/p><\/div>\n","protected":false},"excerpt":{"rendered":"<p>ROMA (ITALPRESS) &#8211; Il Consiglio dei Ministri ha approvato il ddl costituzionale per Roma Capitale. &#8220;La Capitale d&#8217;Italia \u00e8 Roma. E Roma non \u00e8 una citt\u00e0 come le altre. E&#8217; la Citt\u00e0 Eterna, \u00e8 la Capitale del cristianesimo e del Mediterraneo. Ma \u00e8 anche il Comune pi\u00f9 popoloso e pi\u00f9 esteso della Nazione, custodisce la [&hellip;]<\/p>\n","protected":false},"author":18,"featured_media":246937,"comment_status":"closed","ping_status":"closed","sticky":false,"template":"","format":"standard","meta":{"ub_ctt_via":"","_mi_skip_tracking":false},"categories":[446],"tags":[783],"featured_image_src":"https:\/\/www.messinaoggi.it\/website\/wp-content\/uploads\/2025\/07\/20250730_2195.jpg","author_info":{"display_name":"Admin","author_link":"https:\/\/www.messinaoggi.it\/website\/author\/admin\/"},"digistream_id":0,"digistream":false,"_links":{"self":[{"href":"https:\/\/www.messinaoggi.it\/website\/wp-json\/wp\/v2\/posts\/246936"}],"collection":[{"href":"https:\/\/www.messinaoggi.it\/website\/wp-json\/wp\/v2\/posts"}],"about":[{"href":"https:\/\/www.messinaoggi.it\/website\/wp-json\/wp\/v2\/types\/post"}],"author":[{"embeddable":true,"href":"https:\/\/www.messinaoggi.it\/website\/wp-json\/wp\/v2\/users\/18"}],"replies":[{"embeddable":true,"href":"https:\/\/www.messinaoggi.it\/website\/wp-json\/wp\/v2\/comments?post=246936"}],"version-history":[{"count":0,"href":"https:\/\/www.messinaoggi.it\/website\/wp-json\/wp\/v2\/posts\/246936\/revisions"}],"wp:featuredmedia":[{"embeddable":true,"href":"https:\/\/www.messinaoggi.it\/website\/wp-json\/wp\/v2\/media\/246937"}],"wp:attachment":[{"href":"https:\/\/www.messinaoggi.it\/website\/wp-json\/wp\/v2\/media?parent=246936"}],"wp:term":[{"taxonomy":"category","embeddable":true,"href":"https:\/\/www.messinaoggi.it\/website\/wp-json\/wp\/v2\/categories?post=246936"},{"taxonomy":"post_tag","embeddable":true,"href":"https:\/\/www.messinaoggi.it\/website\/wp-json\/wp\/v2\/tags?post=246936"}],"curies":[{"name":"wp","href":"https:\/\/api.w.org\/{rel}","templated":true}]}}