{"id":246934,"date":"2025-07-30T19:09:24","date_gmt":"2025-07-30T17:09:24","guid":{"rendered":"https:\/\/www.messinaoggi.it\/website\/2025\/07\/30\/riforma-del-voto-in-condotta-via-libera-definitivo-dal-cdm\/"},"modified":"2025-07-30T23:18:41","modified_gmt":"2025-07-30T21:18:41","slug":"riforma-del-voto-in-condotta-via-libera-definitivo-dal-cdm","status":"publish","type":"post","link":"https:\/\/www.messinaoggi.it\/website\/2025\/07\/30\/riforma-del-voto-in-condotta-via-libera-definitivo-dal-cdm\/","title":{"rendered":"Riforma del voto in condotta, via libera definitivo dal Cdm"},"content":{"rendered":"<div>ROMA (ITALPRESS) &#8211; Il <strong>Consiglio dei Ministri ha approvato oggi in via definitiva i regolamenti che riformano il voto di condotta e la disciplina della valutazione degli studenti della scuola secondaria, dopo i pareri favorevoli espressi dal Consiglio di Stato<\/strong>. Le misure saranno pienamente operative a partire dall&#8217;anno scolastico 2025\/2026, segnando un punto fermo nella costruzione di una scuola fondata sulla responsabilit\u00e0 e sul merito.<div id=\"div-gpt-ad-Messinaoggi.it-DSK-300x250-corpoart\" style=\"text-align:center;margin:0 auto;\"><\/div><\/p>\n<p><em>&#8220;E&#8217; un segnale forte e chiaro: nella scuola italiana il rispetto per la persona e per le istituzioni \u00e8 imprescindibile. Con questa riforma, il voto di condotta torna a essere un importante strumento educativo per far crescere cittadini responsabili e consapevoli. Vogliamo una scuola autorevole, non autoritaria, in cui il merito, il rispetto e la centralit\u00e0 della persona sono fondamentali&#8221;,<\/em> ha dichiarato il <strong>ministro dell&#8217;Istruzione e del Merito, Giuseppe Valditara.<br \/>\n<\/strong><br \/>\n<em>&#8220;La riforma<\/em> &#8211; spiega il ministero in una nota &#8211; <em>restituisce centralit\u00e0 al voto di condotta, che assume un valore formativo e non meramente disciplinare: un indicatore del rispetto delle regole e delle persone e dell&#8217;impegno verso la comunit\u00e0 scolastica. Il comportamento degli studenti sar\u00e0 valutato lungo l&#8217;intero anno scolastico e terr\u00e0 conto, in particolare, di eventuali episodi di violenza o aggressione ai danni del personale scolastico e degli altri studenti&#8221;.<br \/>\n<\/em><br \/>\nSaranno ammessi alla classe successiva le studentesse e gli studenti che, in sede di scrutinio finale, avranno ottenuto una valutazione superiore a sei decimi. Inoltre, un voto di condotta pari a sei decimi comporter\u00e0 la sospensione del giudizio di ammissione alla classe successiva e la redazione di un elaborato su tematiche di cittadinanza attiva, collegato ai motivi che hanno determinato il voto ottenuto.<div id=\"videoincontent\" style=\"clear:both\";><\/div><\/p>\n<p>Inoltre, viene completamente rivista la funzione delle sanzioni a carico degli studenti:<em> &#8220;non pi\u00f9 strumenti unicamente punitivi ma, al contrario, una occasione di crescita educativa grazie alla volont\u00e0 di assegnare &#8211; in luogo di una mera sospensione dalle lezioni &#8211; attivit\u00e0 di approfondimento sulle conseguenze dei propri comportamenti o lo svolgimento di attivit\u00e0 di cittadinanza solidale presso enti o associazioni previamente individuati dalle scuole&#8221;,<\/em> conclude il ministero.<\/p>\n<p>&#8211; Foto IPA Agency &#8211;<\/p>\n<p>(ITALPRESS).<\/p><\/div>\n","protected":false},"excerpt":{"rendered":"<p>ROMA (ITALPRESS) &#8211; Il Consiglio dei Ministri ha approvato oggi in via definitiva i regolamenti che riformano il voto di condotta e la disciplina della valutazione degli studenti della scuola secondaria, dopo i pareri favorevoli espressi dal Consiglio di Stato. Le misure saranno pienamente operative a partire dall&#8217;anno scolastico 2025\/2026, segnando un punto fermo nella [&hellip;]<\/p>\n","protected":false},"author":18,"featured_media":246935,"comment_status":"closed","ping_status":"closed","sticky":false,"template":"","format":"standard","meta":{"ub_ctt_via":"","_mi_skip_tracking":false},"categories":[446,4],"tags":[783],"featured_image_src":"https:\/\/www.messinaoggi.it\/website\/wp-content\/uploads\/2025\/07\/20250730_2068.jpg","author_info":{"display_name":"Admin","author_link":"https:\/\/www.messinaoggi.it\/website\/author\/admin\/"},"digistream_id":0,"digistream":false,"_links":{"self":[{"href":"https:\/\/www.messinaoggi.it\/website\/wp-json\/wp\/v2\/posts\/246934"}],"collection":[{"href":"https:\/\/www.messinaoggi.it\/website\/wp-json\/wp\/v2\/posts"}],"about":[{"href":"https:\/\/www.messinaoggi.it\/website\/wp-json\/wp\/v2\/types\/post"}],"author":[{"embeddable":true,"href":"https:\/\/www.messinaoggi.it\/website\/wp-json\/wp\/v2\/users\/18"}],"replies":[{"embeddable":true,"href":"https:\/\/www.messinaoggi.it\/website\/wp-json\/wp\/v2\/comments?post=246934"}],"version-history":[{"count":1,"href":"https:\/\/www.messinaoggi.it\/website\/wp-json\/wp\/v2\/posts\/246934\/revisions"}],"predecessor-version":[{"id":246940,"href":"https:\/\/www.messinaoggi.it\/website\/wp-json\/wp\/v2\/posts\/246934\/revisions\/246940"}],"wp:featuredmedia":[{"embeddable":true,"href":"https:\/\/www.messinaoggi.it\/website\/wp-json\/wp\/v2\/media\/246935"}],"wp:attachment":[{"href":"https:\/\/www.messinaoggi.it\/website\/wp-json\/wp\/v2\/media?parent=246934"}],"wp:term":[{"taxonomy":"category","embeddable":true,"href":"https:\/\/www.messinaoggi.it\/website\/wp-json\/wp\/v2\/categories?post=246934"},{"taxonomy":"post_tag","embeddable":true,"href":"https:\/\/www.messinaoggi.it\/website\/wp-json\/wp\/v2\/tags?post=246934"}],"curies":[{"name":"wp","href":"https:\/\/api.w.org\/{rel}","templated":true}]}}