{"id":246930,"date":"2025-07-30T17:09:31","date_gmt":"2025-07-30T15:09:31","guid":{"rendered":"https:\/\/www.messinaoggi.it\/website\/2025\/07\/30\/ciriani-favorevoli-a-riconoscimento-palestina-ma-ora-e-prematuro\/"},"modified":"2025-07-30T17:09:31","modified_gmt":"2025-07-30T15:09:31","slug":"ciriani-favorevoli-a-riconoscimento-palestina-ma-ora-e-prematuro","status":"publish","type":"post","link":"https:\/\/www.messinaoggi.it\/website\/2025\/07\/30\/ciriani-favorevoli-a-riconoscimento-palestina-ma-ora-e-prematuro\/","title":{"rendered":"Ciriani \u201cFavorevoli a riconoscimento Palestina, ma ora \u00e8 prematuro\u201d"},"content":{"rendered":"<div>ROMA (ITALPRESS) &#8211; &#8220;L&#8217;Italia \u00e8 favorevole al riconoscimento dello Stato di Palestina, ma un riconoscimento prematuro in assenza di uno Stato effettivo rischia di essere controproducente&#8221;. Lo ha detto il ministro per i Rapporti con il Parlamento, Luca Ciriani, al Question Time della Camera, rispondendo ad alcune interrogazioni sul riconoscimento dello Stato di Palestina.<br \/>&#8220;Sosteniamo la soluzione di due popoli e due Stati che convivano in pace, sicurezza e reciproco riconoscimento&#8221;, ha aggiunto. &#8220;Quanto sta avvenendo a Gaza \u00e8 intollerabile, la guerra deve finire ora. E&#8217; un messaggio che il ministro Tajani ha ribadito in ogni suo contatto con l&#8217;omologo israeliano S\u00e0ar. Il dialogo con i nostri partner per arrivare al cessate il fuoco \u00e8 continuo. Il messaggio \u00e8 uno solo: gli attacchi contro i civili e i luoghi di culto sono inaccettabili. Ora pi\u00f9 che mai \u00e8 il momento della pace&#8221;, ha concluso Ciriani.<div id=\"div-gpt-ad-Messinaoggi.it-DSK-300x250-corpoart\" style=\"text-align:center;margin:0 auto;\"><\/div><\/p>\n<p>&#8211; Foto IPA Agency &#8211;<div id=\"videoincontent\" style=\"clear:both\";><\/div><\/p>\n<p>(ITALPRESS).<\/p><\/div>\n","protected":false},"excerpt":{"rendered":"<p>ROMA (ITALPRESS) &#8211; &#8220;L&#8217;Italia \u00e8 favorevole al riconoscimento dello Stato di Palestina, ma un riconoscimento prematuro in assenza di uno Stato effettivo rischia di essere controproducente&#8221;. Lo ha detto il ministro per i Rapporti con il Parlamento, Luca Ciriani, al Question Time della Camera, rispondendo ad alcune interrogazioni sul riconoscimento dello Stato di Palestina.&#8220;Sosteniamo la [&hellip;]<\/p>\n","protected":false},"author":18,"featured_media":246931,"comment_status":"closed","ping_status":"closed","sticky":false,"template":"","format":"standard","meta":{"ub_ctt_via":"","_mi_skip_tracking":false},"categories":[446],"tags":[783],"featured_image_src":"https:\/\/www.messinaoggi.it\/website\/wp-content\/uploads\/2025\/07\/20250730_1572.jpg","author_info":{"display_name":"Admin","author_link":"https:\/\/www.messinaoggi.it\/website\/author\/admin\/"},"digistream_id":0,"digistream":false,"_links":{"self":[{"href":"https:\/\/www.messinaoggi.it\/website\/wp-json\/wp\/v2\/posts\/246930"}],"collection":[{"href":"https:\/\/www.messinaoggi.it\/website\/wp-json\/wp\/v2\/posts"}],"about":[{"href":"https:\/\/www.messinaoggi.it\/website\/wp-json\/wp\/v2\/types\/post"}],"author":[{"embeddable":true,"href":"https:\/\/www.messinaoggi.it\/website\/wp-json\/wp\/v2\/users\/18"}],"replies":[{"embeddable":true,"href":"https:\/\/www.messinaoggi.it\/website\/wp-json\/wp\/v2\/comments?post=246930"}],"version-history":[{"count":0,"href":"https:\/\/www.messinaoggi.it\/website\/wp-json\/wp\/v2\/posts\/246930\/revisions"}],"wp:featuredmedia":[{"embeddable":true,"href":"https:\/\/www.messinaoggi.it\/website\/wp-json\/wp\/v2\/media\/246931"}],"wp:attachment":[{"href":"https:\/\/www.messinaoggi.it\/website\/wp-json\/wp\/v2\/media?parent=246930"}],"wp:term":[{"taxonomy":"category","embeddable":true,"href":"https:\/\/www.messinaoggi.it\/website\/wp-json\/wp\/v2\/categories?post=246930"},{"taxonomy":"post_tag","embeddable":true,"href":"https:\/\/www.messinaoggi.it\/website\/wp-json\/wp\/v2\/tags?post=246930"}],"curies":[{"name":"wp","href":"https:\/\/api.w.org\/{rel}","templated":true}]}}