{"id":246912,"date":"2025-07-30T15:09:28","date_gmt":"2025-07-30T13:09:28","guid":{"rendered":"https:\/\/www.messinaoggi.it\/website\/2025\/07\/30\/unicef-italia-e-nuova-fiera-levante-firmano-accordo-di-collaborazione\/"},"modified":"2025-07-30T15:09:28","modified_gmt":"2025-07-30T13:09:28","slug":"unicef-italia-e-nuova-fiera-levante-firmano-accordo-di-collaborazione","status":"publish","type":"post","link":"https:\/\/www.messinaoggi.it\/website\/2025\/07\/30\/unicef-italia-e-nuova-fiera-levante-firmano-accordo-di-collaborazione\/","title":{"rendered":"Unicef Italia e Nuova Fiera Levante firmano accordo di collaborazione"},"content":{"rendered":"<div>ROMA (ITALPRESS) &#8211; L&#8217;UNICEF Italia e la Nuova Fiera del Levante Srl hanno firmato un accordo di collaborazione della durata di 3 anni per promuovere i Diritti dell&#8217;Infanzia e dell&#8217;Adolescenza e realizzare attivit\u00e0 di raccolta fondi a sostegno dei programmi dell&#8217;UNICEF a favore dei bambini pi\u00f9 vulnerabili nel mondo. <br \/>Hanno partecipato alla firma Nicola Graziano, Presidente dell&#8217;UNICEF Italia, e Gaetano Frulli, Presidente della Nuova Fiera del Levante Srl.<br \/>&#8220;Come UNICEF da sempre siamo impegnati affinch\u00e8 ogni bambino veda rispettati e pienamente attuati i propri diritti a nascere, crescere e prosperare. Prendersi cura dell&#8217;infanzia vuol dire prendersi cura del futuro delle nostre societ\u00e0. Purtroppo per\u00f2 oggi tanti bambini nel mondo vedono la propria vita e il proprio futuro compromessi a causa di guerre, violenze, povert\u00e0, cambiamento climatico &#8211; dichiara Nicola Graziano, presidente dell&#8217;UNICEF Italia -. Ringrazio la Nuova Fiera del Levante per avere deciso di essere al nostro fianco e sostenere i programmi dell&#8217;UNICEF a favore di tanti bambini vulnerabili in tutto il mondo&#8221;.<br \/>&#8220;L&#8217;accordo che abbiamo firmato oggi, per noi di Nuova Fiera del Levante \u00e8 in linea con il ruolo che ci vogliamo dare di azienda vicina alle organizzazioni del terzo settore e ringrazio UNICEF Italia di averci dato l&#8217;opportunit\u00e0 di farlo con loro. Per la prima volta, in 88 anni di storia della Campionaria della Fiera del Levante, siamo al fianco di un&#8217;organizzazione umanitaria per promuovere i diritti dell&#8217;infanzia e dell&#8217;adolescenza &#8211; afferma Gaetano Frulli, Presidente della Nuova Fiera del Levante -. L&#8217;obiettivo \u00e8 quello di avviare un percorso strutturato che vedr\u00e0 realizzate diverse iniziative per supportare concretamente i programmi dell&#8217;UNICEF a favore dei bambini pi\u00f9 vulnerabili in tutto il mondo&#8221;.<br \/>L&#8217;accordo di collaborazione prevede la realizzazione di attivit\u00e0 di raccolta fondi da parte di Nuova Fiera del Levante a favore del Comitato Italiano per l&#8217;UNICEF per sostenere i programmi dell&#8217;organizzazione a sostegno di tanti bambini in emergenza nel mondo e promuovere i Diritti dei bambini in Italia e nel mondo. <br \/>Il primo appuntamento avverr\u00e0 in occasione dell&#8217;ottantottesima edizione della Fiera Campionaria Internazionale che si terr\u00e0 a Bari dal 13 al 21 settembre 2025. Per ogni biglietto venduto Nuova Fiera del Levante devolver\u00e0 un importo pari al 5% sul prezzo di acquisto di ciascun biglietto di ingresso alla Campionaria 2025 per sostenere i programmi dell&#8217;UNICEF in tutto il mondo.<div id=\"div-gpt-ad-Messinaoggi.it-DSK-300x250-corpoart\" style=\"text-align:center;margin:0 auto;\"><\/div><\/p>\n<p>&#8211; Foto ufficio stampa Nuova Fiera del Levante &#8211;<div id=\"videoincontent\" style=\"clear:both\";><\/div><\/p>\n<p>(ITALPRESS).<\/p><\/div>\n","protected":false},"excerpt":{"rendered":"<p>ROMA (ITALPRESS) &#8211; L&#8217;UNICEF Italia e la Nuova Fiera del Levante Srl hanno firmato un accordo di collaborazione della durata di 3 anni per promuovere i Diritti dell&#8217;Infanzia e dell&#8217;Adolescenza e realizzare attivit\u00e0 di raccolta fondi a sostegno dei programmi dell&#8217;UNICEF a favore dei bambini pi\u00f9 vulnerabili nel mondo. Hanno partecipato alla firma Nicola Graziano, [&hellip;]<\/p>\n","protected":false},"author":18,"featured_media":246913,"comment_status":"closed","ping_status":"closed","sticky":false,"template":"","format":"standard","meta":{"ub_ctt_via":"","_mi_skip_tracking":false},"categories":[446],"tags":[783],"featured_image_src":"https:\/\/www.messinaoggi.it\/website\/wp-content\/uploads\/2025\/07\/20250730_0655.jpg","author_info":{"display_name":"Admin","author_link":"https:\/\/www.messinaoggi.it\/website\/author\/admin\/"},"digistream_id":0,"digistream":false,"_links":{"self":[{"href":"https:\/\/www.messinaoggi.it\/website\/wp-json\/wp\/v2\/posts\/246912"}],"collection":[{"href":"https:\/\/www.messinaoggi.it\/website\/wp-json\/wp\/v2\/posts"}],"about":[{"href":"https:\/\/www.messinaoggi.it\/website\/wp-json\/wp\/v2\/types\/post"}],"author":[{"embeddable":true,"href":"https:\/\/www.messinaoggi.it\/website\/wp-json\/wp\/v2\/users\/18"}],"replies":[{"embeddable":true,"href":"https:\/\/www.messinaoggi.it\/website\/wp-json\/wp\/v2\/comments?post=246912"}],"version-history":[{"count":0,"href":"https:\/\/www.messinaoggi.it\/website\/wp-json\/wp\/v2\/posts\/246912\/revisions"}],"wp:featuredmedia":[{"embeddable":true,"href":"https:\/\/www.messinaoggi.it\/website\/wp-json\/wp\/v2\/media\/246913"}],"wp:attachment":[{"href":"https:\/\/www.messinaoggi.it\/website\/wp-json\/wp\/v2\/media?parent=246912"}],"wp:term":[{"taxonomy":"category","embeddable":true,"href":"https:\/\/www.messinaoggi.it\/website\/wp-json\/wp\/v2\/categories?post=246912"},{"taxonomy":"post_tag","embeddable":true,"href":"https:\/\/www.messinaoggi.it\/website\/wp-json\/wp\/v2\/tags?post=246912"}],"curies":[{"name":"wp","href":"https:\/\/api.w.org\/{rel}","templated":true}]}}