{"id":246910,"date":"2025-07-30T15:09:26","date_gmt":"2025-07-30T13:09:26","guid":{"rendered":"https:\/\/www.messinaoggi.it\/website\/2025\/07\/30\/dalla-conferenza-unificata-ok-alla-legge-delega-sul-nucleare-sostenibile\/"},"modified":"2025-07-30T15:09:26","modified_gmt":"2025-07-30T13:09:26","slug":"dalla-conferenza-unificata-ok-alla-legge-delega-sul-nucleare-sostenibile","status":"publish","type":"post","link":"https:\/\/www.messinaoggi.it\/website\/2025\/07\/30\/dalla-conferenza-unificata-ok-alla-legge-delega-sul-nucleare-sostenibile\/","title":{"rendered":"Dalla Conferenza unificata ok alla legge delega sul nucleare sostenibile"},"content":{"rendered":"<div>ROMA (ITALPRESS) &#8211;<strong> La Conferenza unificata ha espresso parere positivo allo schema di legge delega per lo sviluppo del nuovo nucleare sostenibile<\/strong>.<em> &#8220;Con grande soddisfazione <\/em>&#8211; ha dichiarato il ministro dell&#8217;Ambiente e della Sicurezza energetica, Gilberto <strong>Pichetto Fratin<\/strong> &#8211; <em>prendo atto della valutazione della pi\u00f9 autorevole sede di confronto interistituzionale. Ora il testo sar\u00e0 trasmesso rapidamente al Parlamento, per avviare un percorso molto atteso, che pu\u00f2 dare all&#8217;Italia l&#8217;opportunit\u00e0 di sviluppare un&#8217;energia sicura, pulita, innovativa e orientata alla decarbonizzazione. Una strada di futuro su cui oggi facciamo un altro passo avanti<\/em>&#8220;.<div id=\"div-gpt-ad-Messinaoggi.it-DSK-300x250-corpoart\" style=\"text-align:center;margin:0 auto;\"><\/div><\/p>\n<p>Il provvedimento punta a definire un quadro normativo organico sull&#8217;intero ciclo di vita della nuova tecnologia nucleare, sia a fissione sia a fusione. Il Governo sar\u00e0 delegato a varare uno o pi\u00f9 decreti legislativi per disciplinare la sperimentazione, la localizzazione, la costruzione e l&#8217;esercizio dei nuovi moduli, rivedere le competenze istituzionali, promuovere ricerca e formazione e riorganizzare la gestione degli impianti esistenti, dei rifiuti e del combustibile esaurito.<div id=\"videoincontent\" style=\"clear:both\";><\/div><\/p>\n<p>-Foto: Ipa Agency-<\/p>\n<p>(ITALPRESS).<\/p><\/div>\n","protected":false},"excerpt":{"rendered":"<p>ROMA (ITALPRESS) &#8211; La Conferenza unificata ha espresso parere positivo allo schema di legge delega per lo sviluppo del nuovo nucleare sostenibile. &#8220;Con grande soddisfazione &#8211; ha dichiarato il ministro dell&#8217;Ambiente e della Sicurezza energetica, Gilberto Pichetto Fratin &#8211; prendo atto della valutazione della pi\u00f9 autorevole sede di confronto interistituzionale. Ora il testo sar\u00e0 trasmesso [&hellip;]<\/p>\n","protected":false},"author":18,"featured_media":246911,"comment_status":"closed","ping_status":"closed","sticky":false,"template":"","format":"standard","meta":{"ub_ctt_via":"","_mi_skip_tracking":false},"categories":[446],"tags":[783],"featured_image_src":"https:\/\/www.messinaoggi.it\/website\/wp-content\/uploads\/2025\/07\/20250730_0437.jpg","author_info":{"display_name":"Admin","author_link":"https:\/\/www.messinaoggi.it\/website\/author\/admin\/"},"digistream_id":0,"digistream":false,"_links":{"self":[{"href":"https:\/\/www.messinaoggi.it\/website\/wp-json\/wp\/v2\/posts\/246910"}],"collection":[{"href":"https:\/\/www.messinaoggi.it\/website\/wp-json\/wp\/v2\/posts"}],"about":[{"href":"https:\/\/www.messinaoggi.it\/website\/wp-json\/wp\/v2\/types\/post"}],"author":[{"embeddable":true,"href":"https:\/\/www.messinaoggi.it\/website\/wp-json\/wp\/v2\/users\/18"}],"replies":[{"embeddable":true,"href":"https:\/\/www.messinaoggi.it\/website\/wp-json\/wp\/v2\/comments?post=246910"}],"version-history":[{"count":0,"href":"https:\/\/www.messinaoggi.it\/website\/wp-json\/wp\/v2\/posts\/246910\/revisions"}],"wp:featuredmedia":[{"embeddable":true,"href":"https:\/\/www.messinaoggi.it\/website\/wp-json\/wp\/v2\/media\/246911"}],"wp:attachment":[{"href":"https:\/\/www.messinaoggi.it\/website\/wp-json\/wp\/v2\/media?parent=246910"}],"wp:term":[{"taxonomy":"category","embeddable":true,"href":"https:\/\/www.messinaoggi.it\/website\/wp-json\/wp\/v2\/categories?post=246910"},{"taxonomy":"post_tag","embeddable":true,"href":"https:\/\/www.messinaoggi.it\/website\/wp-json\/wp\/v2\/tags?post=246910"}],"curies":[{"name":"wp","href":"https:\/\/api.w.org\/{rel}","templated":true}]}}