{"id":246860,"date":"2025-07-30T00:09:26","date_gmt":"2025-07-29T22:09:26","guid":{"rendered":"https:\/\/www.messinaoggi.it\/website\/2025\/07\/29\/la-russa-trump-mai-stato-un-punto-di-riferimento-per-la-destra\/"},"modified":"2025-07-30T10:39:37","modified_gmt":"2025-07-30T08:39:37","slug":"la-russa-trump-mai-stato-un-punto-di-riferimento-per-la-destra","status":"publish","type":"post","link":"https:\/\/www.messinaoggi.it\/website\/2025\/07\/30\/la-russa-trump-mai-stato-un-punto-di-riferimento-per-la-destra\/","title":{"rendered":"La Russa \u201cTrump mai stato un punto di riferimento per la destra\u201d"},"content":{"rendered":"<div>ROMA (ITALPRESS) &#8211; <em>&#8220;Trump non \u00e8 mai stato un punto di riferimento per la destra, come non lo \u00e8 mai stato Biden che dava i baci in fronte alla Meloni ma nessuno ha detto che lei era succube. Lei difende gli interessi italiani e ha un rapporto con Trump come quello di un Capo di Stato tradizionalmente amico&#8221;.<\/em> Cos\u00ec il presidente del Senato, Ignazio <strong>La Russa<\/strong>, nel corso della tradizionale cerimonia del Ventaglio con la stampa parlamentare. <em>&#8220;Con Trump si pu\u00f2 dissentire e discutere, ma non si pu\u00f2 dimenticare che \u00e8 il rappresentante del popolo americano democraticamente eletto con cui l&#8217;Italia ha un rapporto di consolidata amicizia. Credo che il comportamento dell&#8217;Italia, nell&#8217;alternarsi dei due presidenti, sia stato sempre identico&#8221;,<\/em> aggiunge.<div id=\"div-gpt-ad-Messinaoggi.it-DSK-300x250-corpoart\" style=\"text-align:center;margin:0 auto;\"><\/div><\/p>\n<p>Ma sono stati diversi i temi affrontati nell&#8217;incontro con la stampa parlamentare, dal Medio Oriente alla separazione delle carriere fino al sovraffollamento carcerario e alle inchieste che hanno coinvolto il Comune di Milano.<em> &#8220;Abbiamo tutti usato la parola &#8216;inaccettabil\u00e8 per quanto accade in Medio Oriente. Vorrei usare una parola ancora pi\u00f9 dura per questo clima contro gli ebrei che abbiamo visto anche in Italia verso una famiglia francese picchiata e insultata<\/em> &#8211; ricorda -. <em>Questo clima \u00e8 inaccettabile perch\u00e8 avviene a danno di persone del tutto estranee a quanto accade in Medio Oriente. La situazione di Gaza va assolutamente risolta senza se e senza ma, contemporaneamente serve uno sforzo per non far crescere un clima antiebraico&#8221;.<\/em><div id=\"videoincontent\" style=\"clear:both\";><\/div><\/p>\n<p>Poi la riforma della giustizia, con la separazione delle carriere.<em> &#8220;Credo che il clima del muro contro muro abbia reso pi\u00f9 facile l&#8217;immodificabilit\u00e0 del testo, questo clima credo abbia reso pi\u00f9 difficile il percorso di questa riforma. Non vuol dire che sia stata compressa la volont\u00e0 dei parlamentari, pu\u00f2 anche vuole dire che i parlamentari, soprattutto di maggioranza &#8211; osserva -, abbiano rinunciato a un lavoro di approfondimento e miglioramento del testo perch\u00e8 a loro dire c&#8217;era il rischio di andare nella direzione di chi la voleva bloccare. Una volta che c&#8217;\u00e8 un provvedimento i parlamentari provino tutti a interrogarsi su come pu\u00f2 stabilirsi un percorso di miglioramento&#8221;.<\/em><\/p>\n<p>Sull&#8217;inchiesta di Milano, La Russa assicura che <em>&#8220;nessuno, non io perlomeno ma neanche Meloni, ha in qualche modo fatto si che si potesse parlare di una volont\u00e0 giustizialista. Mai come in questo caso le critiche prescindevano dall&#8217;azione giudiziaria. Credo che come per Milano anche per la vicenda siciliana la giustizia debba fare il proprio corso, io sono contrario che vi siano conseguenze direttamente connesse alle azioni giudiziarie. Quando l&#8217;iter dei processi prosegue se ne pu\u00f2 cominciare a parlare&#8221;.<\/em><\/p>\n<p>Tra le domande della stampa anche l&#8217;annoso tema del sovraffollamento carcerario dove la seconda carica dello Stato spiega che <em>&#8220;non va messo in diretta relazione con il numero dei suicidi. Il tema per\u00f2 incide sulla capacit\u00e0 del nostro ordinamento carcerario di svolgere il ruolo non solo sanzionatorio ma anche di recupero. Questo compito<\/em> &#8211; evidenzia -,<em> con il sovraffollamento \u00e8 ancora pi\u00f9 arduo. Lo Stato ha il dovere di assicurare condizioni di vita civile a chi sta in carcere. Ritengo di essere stato da sempre sensibile a questo tema e lo vivo con particolare sensibilit\u00e0&#8221;.<\/em><\/p>\n<p>Infine, un passaggio sulle imminenti regionali e sulla legge elettorale<em>. &#8220;Se uno \u00e8 iscritto in un partito deve candidarsi in quel partito, non mi \u00e8 mai venuto in mente di fare una &#8216;lista La Russ\u00e0&#8230; Qualche voto l&#8217;avrei raccattato. Non credo che Zaia pensi a una sua lista, lo conosco bene e conosco la sua morale. Io sono stato l&#8217;unico quando si \u00e8 discusso di legge elettorale a presentare un emendamento per le preferenze. Sono rimasto su quella idea &#8211; assicura -, poi ci sono le storture ma pi\u00f9 piccolo \u00e8 il teatro pi\u00f9 grande sono le storture. Abbiamo le preferenze per i Consigli di zona, per i Comuni e le Province, quando c&#8217;erano le Province, per tutto tranne che per la Camera. Credo che tutti gli apporti di persone qualificate, come quello della famiglia Berlusconi, non solo siano possibili ma anche auspicabili. Non solo di Piersilvio ma anche di Marina, Barbara, Eleonora o Luigi. Se decidessero di scendere in politica sarebbe un fatto estremamente positivo&#8221;<\/em>, conclude La Russa.<\/p>\n<p>&#8211; Foto IPA Agency &#8211;<\/p>\n<p>(ITALPRESS).<\/p><\/div>\n","protected":false},"excerpt":{"rendered":"<p>ROMA (ITALPRESS) &#8211; &#8220;Trump non \u00e8 mai stato un punto di riferimento per la destra, come non lo \u00e8 mai stato Biden che dava i baci in fronte alla Meloni ma nessuno ha detto che lei era succube. Lei difende gli interessi italiani e ha un rapporto con Trump come quello di un Capo di [&hellip;]<\/p>\n","protected":false},"author":18,"featured_media":246861,"comment_status":"closed","ping_status":"closed","sticky":false,"template":"","format":"standard","meta":{"ub_ctt_via":"","_mi_skip_tracking":false},"categories":[446,4],"tags":[783],"featured_image_src":"https:\/\/www.messinaoggi.it\/website\/wp-content\/uploads\/2025\/07\/20250729_2310.jpg","author_info":{"display_name":"Admin","author_link":"https:\/\/www.messinaoggi.it\/website\/author\/admin\/"},"digistream_id":0,"digistream":false,"_links":{"self":[{"href":"https:\/\/www.messinaoggi.it\/website\/wp-json\/wp\/v2\/posts\/246860"}],"collection":[{"href":"https:\/\/www.messinaoggi.it\/website\/wp-json\/wp\/v2\/posts"}],"about":[{"href":"https:\/\/www.messinaoggi.it\/website\/wp-json\/wp\/v2\/types\/post"}],"author":[{"embeddable":true,"href":"https:\/\/www.messinaoggi.it\/website\/wp-json\/wp\/v2\/users\/18"}],"replies":[{"embeddable":true,"href":"https:\/\/www.messinaoggi.it\/website\/wp-json\/wp\/v2\/comments?post=246860"}],"version-history":[{"count":1,"href":"https:\/\/www.messinaoggi.it\/website\/wp-json\/wp\/v2\/posts\/246860\/revisions"}],"predecessor-version":[{"id":246867,"href":"https:\/\/www.messinaoggi.it\/website\/wp-json\/wp\/v2\/posts\/246860\/revisions\/246867"}],"wp:featuredmedia":[{"embeddable":true,"href":"https:\/\/www.messinaoggi.it\/website\/wp-json\/wp\/v2\/media\/246861"}],"wp:attachment":[{"href":"https:\/\/www.messinaoggi.it\/website\/wp-json\/wp\/v2\/media?parent=246860"}],"wp:term":[{"taxonomy":"category","embeddable":true,"href":"https:\/\/www.messinaoggi.it\/website\/wp-json\/wp\/v2\/categories?post=246860"},{"taxonomy":"post_tag","embeddable":true,"href":"https:\/\/www.messinaoggi.it\/website\/wp-json\/wp\/v2\/tags?post=246860"}],"curies":[{"name":"wp","href":"https:\/\/api.w.org\/{rel}","templated":true}]}}