{"id":246845,"date":"2025-07-30T00:04:24","date_gmt":"2025-07-29T22:04:24","guid":{"rendered":"https:\/\/www.messinaoggi.it\/website\/2025\/07\/29\/salvini-il-ponte-sullo-stretto-puo-essere-una-grande-operazione-antimafia\/"},"modified":"2025-07-30T10:40:59","modified_gmt":"2025-07-30T08:40:59","slug":"salvini-il-ponte-sullo-stretto-puo-essere-una-grande-operazione-antimafia","status":"publish","type":"post","link":"https:\/\/www.messinaoggi.it\/website\/2025\/07\/30\/salvini-il-ponte-sullo-stretto-puo-essere-una-grande-operazione-antimafia\/","title":{"rendered":"Salvini \u201cIl Ponte sullo Stretto pu\u00f2 essere una grande operazione antimafia\u201d"},"content":{"rendered":"<div>\n<p>ROMA (ITALPRESS) \u2013 <em>\u201cArrivare dopo neanche tre anni all\u2019approvazione del progetto definitivo di un\u2019opera da 13 miliardi e mezzo, che rende giustizia a 5 milioni di siciliani e che la stessa Europa si aspetta e chiede, \u00e8 qualcosa di assolutamente importante\u201d<\/em>. Lo ha detto il vicepremier e ministro dei Trasporti e Infrastrutture, Matteo <strong>Salvini,<\/strong> a margine della riunione del consiglio di amministrazione Stretto di Messina Spa.<div id=\"div-gpt-ad-Messinaoggi.it-DSK-300x250-corpoart\" style=\"text-align:center;margin:0 auto;\"><\/div><\/p>\n<p><em>\u201cPenso che potrebbe essere una grande operazione antimafia\u201d,<\/em> ha aggiunto<em>, \u201cperch\u00e8 quando porti lavoro, speranza, prospettiva a tanti giovani in terre che spesso sono state dimenticate, facciamo qualcosa di grande\u201d.<\/em> Il ministro Salvini ha poi ricordato che<em> \u201cla Lombardia \u00e8 la regione che avr\u00e0 pi\u00f9 imprese coinvolte in questa grande opera. E\u2019 un\u2019opera che unisce il paese da tutti punti di vista\u201d.<\/em><div id=\"videoincontent\" style=\"clear:both\";><\/div><\/p>\n<p><em>\u201cStiamo portando avanti da due anni e mezzo un lavoro che l\u2019Italia attende da secoli, l\u2019attraversamento del ponte sullo Stretto \u00e8 qualcosa di cui si parla dai tempi dei romani, \u00e8 un\u2019opera ingegneristicamente all\u2019avanguardia, il ponte a campata unica pi\u00f9 lungo al mondo che verr\u00e0 studiato e ammirato da ingegneri di tutto il mondo. Siamo, dopo due anni e mezzo di lavoro, a un ottimo punto, non di arrivo ma di partenza<\/em> \u2013 ha spiegato Salvini -. <em>L\u2019obiettivo dell\u2019approvazione del progetto definitivo \u00e8 per la settimana prossima, l\u2019apertura dei cantieri entro l\u2019estate\u201d,<\/em> ha proseguito.<\/p>\n<p><em>\u201cCi saranno fino a 170 ingegneri che arriveranno dagli Stati Uniti a portare il loro contributo, ci sono partnership con i giapponesi, con i danesi, con gli spagnoli, con i francesi e soprattutto si creeranno tantissimi posti di lavoro in Italia\u201d<\/em>, ha detto ancora il vicepremier e ministro.<\/p>\n<p>\u2013 Foto ufficio stampa Ministero Infrastrutture e Trasporti \u2013<\/p>\n<p>(ITALPRESS).<\/p>\n<\/div>\n","protected":false},"excerpt":{"rendered":"<p>ROMA (ITALPRESS) \u2013 \u201cArrivare dopo neanche tre anni all\u2019approvazione del progetto definitivo di un\u2019opera da 13 miliardi e mezzo, che rende giustizia a 5 milioni di siciliani e che la stessa Europa si aspetta e chiede, \u00e8 qualcosa di assolutamente importante\u201d. Lo ha detto il vicepremier e ministro dei Trasporti e Infrastrutture, Matteo Salvini, a [&hellip;]<\/p>\n","protected":false},"author":18,"featured_media":246846,"comment_status":"closed","ping_status":"closed","sticky":false,"template":"","format":"standard","meta":{"ub_ctt_via":"","_mi_skip_tracking":false},"categories":[6,2449],"tags":[783],"featured_image_src":"https:\/\/www.messinaoggi.it\/website\/wp-content\/uploads\/2025\/07\/20250729_1578.jpg","author_info":{"display_name":"Admin","author_link":"https:\/\/www.messinaoggi.it\/website\/author\/admin\/"},"digistream_id":0,"digistream":false,"_links":{"self":[{"href":"https:\/\/www.messinaoggi.it\/website\/wp-json\/wp\/v2\/posts\/246845"}],"collection":[{"href":"https:\/\/www.messinaoggi.it\/website\/wp-json\/wp\/v2\/posts"}],"about":[{"href":"https:\/\/www.messinaoggi.it\/website\/wp-json\/wp\/v2\/types\/post"}],"author":[{"embeddable":true,"href":"https:\/\/www.messinaoggi.it\/website\/wp-json\/wp\/v2\/users\/18"}],"replies":[{"embeddable":true,"href":"https:\/\/www.messinaoggi.it\/website\/wp-json\/wp\/v2\/comments?post=246845"}],"version-history":[{"count":1,"href":"https:\/\/www.messinaoggi.it\/website\/wp-json\/wp\/v2\/posts\/246845\/revisions"}],"predecessor-version":[{"id":246870,"href":"https:\/\/www.messinaoggi.it\/website\/wp-json\/wp\/v2\/posts\/246845\/revisions\/246870"}],"wp:featuredmedia":[{"embeddable":true,"href":"https:\/\/www.messinaoggi.it\/website\/wp-json\/wp\/v2\/media\/246846"}],"wp:attachment":[{"href":"https:\/\/www.messinaoggi.it\/website\/wp-json\/wp\/v2\/media?parent=246845"}],"wp:term":[{"taxonomy":"category","embeddable":true,"href":"https:\/\/www.messinaoggi.it\/website\/wp-json\/wp\/v2\/categories?post=246845"},{"taxonomy":"post_tag","embeddable":true,"href":"https:\/\/www.messinaoggi.it\/website\/wp-json\/wp\/v2\/tags?post=246845"}],"curies":[{"name":"wp","href":"https:\/\/api.w.org\/{rel}","templated":true}]}}