{"id":246825,"date":"2025-07-29T14:04:26","date_gmt":"2025-07-29T12:04:26","guid":{"rendered":"https:\/\/www.messinaoggi.it\/website\/2025\/07\/29\/la-stagione-del-teatro-massimo-di-palermo-al-via-con-il-dittico-aleko-pagliacci\/"},"modified":"2025-07-29T14:04:26","modified_gmt":"2025-07-29T12:04:26","slug":"la-stagione-del-teatro-massimo-di-palermo-al-via-con-il-dittico-aleko-pagliacci","status":"publish","type":"post","link":"https:\/\/www.messinaoggi.it\/website\/2025\/07\/29\/la-stagione-del-teatro-massimo-di-palermo-al-via-con-il-dittico-aleko-pagliacci\/","title":{"rendered":"La stagione del Teatro Massimo di Palermo al via con il dittico Aleko \u2013 Pagliacci"},"content":{"rendered":"<div>\n<p>PALERMO (ITALPRESS) \u2013 \u201c<strong><em>Anime in bilico, oltre i confini\u201d<\/em><\/strong> \u00e8 il titolo e il filo invisibile che percorre tutta la <strong>stagione 2025-2026 di opere, balletti e concerti del Teatro Massimo di Palermo presentata stamane a Villa Igiea, Rocco Forte Hotel partner della Fondazione, alla presenza del sindaco di Palermo e presidente della Fondazione Teatro Massimo, Roberto Lagalla, del sovrintendente Marco Betta e del direttore artistico Alvise Casellati.<\/strong><div id=\"div-gpt-ad-Messinaoggi.it-DSK-300x250-corpoart\" style=\"text-align:center;margin:0 auto;\"><\/div><\/p>\n<p>Proprio il titolo \u201cAnime in bilico, oltre i confini\u201d rimanda a una trama sotterranea che unisce opere e balletti, epoche e stili, tradizione e visione. \u00c8 la trama dei personaggi sospesi sull\u2019orlo di qualcosa: un amore impossibile, una scelta fatale, una trasformazione interiore. E allo stesso tempo, \u00e8 la stagione dei confini sfumati, di quei territori dove sogno e realt\u00e0 si intrecciano, dove l\u2019arte diventa vita e la finzione si fa rivelazione, dove davanti ai protagonisti, che vivono in permanenza sospesi su una soglia tra il desiderio e il dovere, tra il s\u00e9 e l\u2019altro, tra la luce e l\u2019ombra, non esistono certezze, ma ombre, nebbie, specchi che a volte riflettono con nitidezza, a volte deformano la realt\u00e0. Non approdi sicuri, ma inquietudini fertili.<div id=\"videoincontent\" style=\"clear:both\";><\/div><\/p>\n<p>La scena teatrale si fa cos\u00ec specchio della condizione umana: fragile, mutevole, profondamente vera. Opere, balletti e concerti che coinvolgeranno tutte le maestranze e gli artisti della Fondazione: l\u2019Orchestra, il Coro, il Coro di voci bianche, il Corpo di ballo e i laboratori scenografici. Titoli di grande repertorio, nuovi allestimenti, riletture visionarie, coproduzioni internazionali e un percorso artistico e simbolico che esplora le soglie dell\u2019esistenza: tra luce e ombra, realt\u00e0 e immaginazione, destino e desiderio.<\/p>\n<p>Ad inaugurare il programma della stagione opere e balletti sar\u00e0 il <strong>21 novembre il dittico Aleko \u2013 Pagliacci di Sergej Rachmaninov e Ruggero Leoncavallo: sul podio Francesco Lanzillotta, regia di Silvia Paoli.<\/strong> Il 4 dicembre sar\u00e0 la volta del Gattopardo di Luchino Visconti, musiche originali di Nino Rota, a aprire la stagione dei concerti con la proiezione ed esecuzione dal vivo della colonna sonora: sul podio Timothy Brock. Tra le novit\u00e0, anche quattro nuove coreografie per la danza Il lago dei cigni, Don Quichotte, Caravaggio e La bella addormentata, con il Corpo di ballo diretto da Jean- S\u00e9bastien Colau \u00c8toiles ospiti Andrea Sarri e Maia Makhateli. Fulcro emotivo della stagione sono le protagoniste femminili: da Zemfira a Nedda, da Gilda a Didone, da Aida ad Amneris, fino a Semiramide. Figure sospese tra desiderio e condanna, tra purezza e ribellione, tra amore e rinuncia.<\/p>\n<p>La stagione esplora il potere drammatico delle loro storie, spesso segnate da esclusione, forza e sacrificio, e lo fa in dialogo con le grandi questioni del nostro tempo, a partire dalla lotta contro la violenza di genere e per i diritti dell\u2019infanzia e dell\u2019adolescenza. <em>\u201cLa stagione 2025-26 del Teatro Massimo<\/em> \u2013 sottolinea<strong> Lagalla<\/strong> \u2013<em> \u00e8 un viaggio profondo nell\u2019animo umano, tra sogni, inquietudini e trasformazioni. \u201cAnime in bilico, oltre i confini\u201d \u00e8 un titolo che racconta la complessit\u00e0 del nostro tempo, intrecciando bellezza, fragilit\u00e0 e verit\u00e0. Il Teatro Massimo si conferma non solo luogo di cultura e eccellenza artistica, ma spazio vivo di riflessione e dialogo con la societ\u00e0. Ringrazio il Sovrintendente Marco Betta e il Direttore artistico Alvise Casellati per aver costruito una stagione che d\u00e0 voce alle emozioni e ai conflitti pi\u00f9 autentici, in una visione inclusiva e coraggiosa. \u00c8 una proposta che parla ai giovani, affronta con sensibilit\u00e0 temi cruciali come la condizione femminile e i diritti dei pi\u00f9 fragili, e valorizza il talento di tutte le maestranze della Fondazione, a cui rivolgo il mio ringraziamento per l\u2019impegno profuso. Palermo, grazie al suo Teatro, si proietta ancora una volta sul panorama culturale internazionale con forza e identit\u00e0\u201d.\u00a0<\/em><\/p>\n<p>Per il sovrintendente Betta \u201c<em>questa stagione \u00e8 pensata come una soglia da attraversare, un luogo liminale dove arte e vita si riflettono, dove i confini sfumano e il teatro diventa luogo di trasformazione. Il titolo, Anime in bilico, oltre i confini, non \u00e8 solo un\u2019immagine evocativa, ma la chiave di lettura di ogni titolo in programma: opere e balletti che interrogano il presente attraverso figure sospese, fragili, potenti. Ringrazio tutti i lavoratori, gli artisti e lo staff per la loro professionalit\u00e0 e dedizione; ringrazio il sindaco Roberto Lagalla e il presidente della Regione Siciliana Renato Schifani che sostengono le Istituzioni culturali in Sicilia e sono vicini al Teatro con passione e cura; grazie al Ministero della Cultura che insieme al Comune di Palermo e alla Regione Siciliana garantisce un impegno costante a sostegno dell\u2019arte e della cultura. Grazie al lavoro prezioso del Consiglio di Indirizzo e del Collegio dei Revisori ed un grazie riconoscente al pubblico che con il suo amore e la sua passione rende vivo il sogno del teatro\u201d<\/em>.<\/p>\n<p><em>\u201cLa stagione 2025\/26 \u00e8 un invito a restare in ascolto dell\u2019inquietudine<\/em>, \u2013 aggiunge il <strong>direttore artistico Alvise Casellati<\/strong> \u2013<em> ad attraversare le zone grigie dell\u2019esistenza, a immergerci in un teatro in cui la realt\u00e0 si contamina con l\u2019immaginazione e si rifrange in mille sfaccettature. Le anime in bilico che incontriamo non sono eroi tradizionali, ma figure fragili, contraddittorie, profondamente umane che si spingono nella loro evoluzione oltre i confini: pi\u00f9 che risposte, troveremo domande. In quelle domande, il battito vivo del teatro\u201d,<\/em> conclude.<\/p>\n<p>-Foto col3\/Italpress-<br \/>\n(ITALPRESS).<\/p>\n<\/div>\n","protected":false},"excerpt":{"rendered":"<p>PALERMO (ITALPRESS) \u2013 \u201cAnime in bilico, oltre i confini\u201d \u00e8 il titolo e il filo invisibile che percorre tutta la stagione 2025-2026 di opere, balletti e concerti del Teatro Massimo di Palermo presentata stamane a Villa Igiea, Rocco Forte Hotel partner della Fondazione, alla presenza del sindaco di Palermo e presidente della Fondazione Teatro Massimo, [&hellip;]<\/p>\n","protected":false},"author":18,"featured_media":246826,"comment_status":"closed","ping_status":"closed","sticky":false,"template":"","format":"standard","meta":{"ub_ctt_via":"","_mi_skip_tracking":false},"categories":[2449],"tags":[783],"featured_image_src":"https:\/\/www.messinaoggi.it\/website\/wp-content\/uploads\/2025\/07\/IMG_20250729_112157.jpg","author_info":{"display_name":"Admin","author_link":"https:\/\/www.messinaoggi.it\/website\/author\/admin\/"},"digistream_id":0,"digistream":false,"_links":{"self":[{"href":"https:\/\/www.messinaoggi.it\/website\/wp-json\/wp\/v2\/posts\/246825"}],"collection":[{"href":"https:\/\/www.messinaoggi.it\/website\/wp-json\/wp\/v2\/posts"}],"about":[{"href":"https:\/\/www.messinaoggi.it\/website\/wp-json\/wp\/v2\/types\/post"}],"author":[{"embeddable":true,"href":"https:\/\/www.messinaoggi.it\/website\/wp-json\/wp\/v2\/users\/18"}],"replies":[{"embeddable":true,"href":"https:\/\/www.messinaoggi.it\/website\/wp-json\/wp\/v2\/comments?post=246825"}],"version-history":[{"count":0,"href":"https:\/\/www.messinaoggi.it\/website\/wp-json\/wp\/v2\/posts\/246825\/revisions"}],"wp:featuredmedia":[{"embeddable":true,"href":"https:\/\/www.messinaoggi.it\/website\/wp-json\/wp\/v2\/media\/246826"}],"wp:attachment":[{"href":"https:\/\/www.messinaoggi.it\/website\/wp-json\/wp\/v2\/media?parent=246825"}],"wp:term":[{"taxonomy":"category","embeddable":true,"href":"https:\/\/www.messinaoggi.it\/website\/wp-json\/wp\/v2\/categories?post=246825"},{"taxonomy":"post_tag","embeddable":true,"href":"https:\/\/www.messinaoggi.it\/website\/wp-json\/wp\/v2\/tags?post=246825"}],"curies":[{"name":"wp","href":"https:\/\/api.w.org\/{rel}","templated":true}]}}