{"id":246819,"date":"2025-07-29T12:04:23","date_gmt":"2025-07-29T10:04:23","guid":{"rendered":"https:\/\/www.messinaoggi.it\/website\/2025\/07\/29\/da-gazze-a-gualazzi-torna-il-barbablu-fest-al-parco-di-morgantina\/"},"modified":"2025-07-29T12:04:23","modified_gmt":"2025-07-29T10:04:23","slug":"da-gazze-a-gualazzi-torna-il-barbablu-fest-al-parco-di-morgantina","status":"publish","type":"post","link":"https:\/\/www.messinaoggi.it\/website\/2025\/07\/29\/da-gazze-a-gualazzi-torna-il-barbablu-fest-al-parco-di-morgantina\/","title":{"rendered":"Da Gazz\u00e8 a Gualazzi, torna il Barbabl\u00f9 Fest al Parco di Morgantina"},"content":{"rendered":"<div>\n<p>PALERMO (ITALPRESS) \u2013 Torna, per la quinta edizione, il <strong>Barbabl\u00f9 Fest,<\/strong> il festival prodotto e realizzato da <strong>Terzo Millennio Progetti Artistici di Andrea Peria Giaconia,<\/strong> nato da un\u2019idea di <strong>Pietrangelo Buttafuoco<\/strong> e con la direzione artistica firmata, per il secondo anno, da Alberto Samon\u00e0, scrittore e giornalista siciliano.<div id=\"div-gpt-ad-Messinaoggi.it-DSK-300x250-corpoart\" style=\"text-align:center;margin:0 auto;\"><\/div><\/p>\n<p>Dall\u20191 all\u20198 agosto al<strong> Parco Archeologico di Morgantina (Aidone, Enna)<\/strong>, fulcro di storia, cultura e arte, appuntamento con un ricco cartellone per la kermesse che prende il suo nome dalla Testa di Ade, uno dei reperti archeologici pi\u00f9 importanti riconsegnati alla Sicilia dopo il trafugamento da Morgantina, ribattezzata affettuosamente Barbabl\u00f9 in ragione degli straordinari riccioli blu della barba.<div id=\"videoincontent\" style=\"clear:both\";><\/div><\/p>\n<p>Si parte venerd\u00ec primo agosto con <strong>Max Gazz\u00e8,<\/strong> che si esibir\u00e0 insieme alla Calabria Orchestra, con Musicae Loci, il progetto live musicale e culturale che ha unito le sue note con le orchestre popolari e le tradizioni locali. L\u2019artista regaler\u00e0 al pubblico le sue canzoni in una veste inedita, che assorbir\u00e0 colori e suoni tipici delle diverse zone in cui lo spettacolo verr\u00e0 ospitato con contaminazioni e suggestioni ogni volta diverse. Un progetto culturale legato al territorio, inteso non solo come area geografica ma soprattutto come terra di storia, musica e arte.<\/p>\n<p><strong>Sabato 2 agosto Raphael Gualazzi<\/strong> in una dimensione Piano-vocal, un racconto in musica dei successi e delle sue pi\u00f9 grandi ispirazioni. L\u2019artista restituisce alle composizioni la loro dimensione pi\u00f9 autentica, ripercorrendo un repertorio che spazia da brani scritti per colonne sonore a divertissements su arie d\u2019opera, da omaggi alla tradizione afro-americana, a incursioni rapsodiche su memorabili temi della musica italiana e internazionale.<\/p>\n<p>Si prosegue<strong> domenica 3 agosto con la musica d\u2019autore: Love Morricone \u2013 Archi &amp; Voci \u00e8 un progetto inedito del Coro Lirico Siciliano<\/strong>, un inusuale e speciale appuntamento musicale in una particolare formazione cameristica, un viaggio imperdibile e travolgente dentro l\u2019arte di uno dei pi\u00f9 grandi compositori del Novecento. Il programma verte sulle interpretazioni suggestive delle colonne sonore di alcuni film simbolo della storia del cinema come Nuovo Cinema Paradiso, Mal\u00e8na, La leggenda del pianista sull\u2019oceano, Per un pugno di dollari, Mission, C\u2019era una volta il west, Gi\u00f9 la testa, C\u2019era una volta in America; la seconda parte del concerto \u00e8, invece, incentrata sul lato \u201cpop\u201d del compositore romano. Mercoled\u00ec 6 agosto protagonista il teatro, con la Compagnia dell\u2019Arpa che porta in scena MEdusa, spettacolo diretto da Filippa Ilardo e Dario La Ferla con Jessica Aiello, Elisa Di Dio, Federica Gurrieri, Andrea Saitta.<\/p>\n<p>In questa drammaturgia Medusa non \u00e8 solo una figura mitologica, ma diventa un simbolo, la voce di tutte le donne punite per essere esistite fuori dai margini. Qui il mito classico viene ribaltato e restituito alla sua verit\u00e0 pi\u00f9 cruda e profonda: non \u00e8 Medusa il mostro, ma chi l\u2019ha trasformata in tale, una figura dimenticata, sacrificata, usata come emblema di terrore quando in realt\u00e0 \u00e8 solo una delle infinite vittime di un sistema che assolve i potenti e punisce i fragili. <strong>Gioved\u00ec 7<\/strong> le sonorit\u00e0 jazz di tre grandi compositori per un viaggio musicale tra ritmi travolgenti, in un concerto da camera immerso nella bellezza senza tempo di Morgantina. Astor Piazzolla, Heitor Villa-Lobos e Turina regaleranno al pubblico un programma che spazia dalle proprie composizioni a quelle di Presti, Granados e Tarrega.<\/p>\n<p><strong>Venerd\u00ec 8 agosto si chiude a Mazzarino<\/strong>, comune in provincia di Caltanissetta coinvolto nel contesto archeologico di Morgantina attraverso il Parco Archeologico di Morgantina e della Villa Romana del Casale, con i Matia Bazar, band che vede in scena uno dei suoi storici componenti ed attuale leader Fabio Perversi, affiancato da Gino Zandon\u00e0 (chitarre), Silvio Melloni (basso), Piercarlo \u201cLallo\u201d Tanzi (batteria e percussioni) ed Silvia Dragonieri. Sul palco di Mazzarino porteranno tutti i brani pi\u00f9 celebri, da Vacanze Romane a Per un\u2019ora d\u2019amore.<\/p>\n<p><em>\u201cIl Barbabl\u00f9 Fest<\/em> \u2013 afferma l\u2019<strong>assessore regionale dei Beni culturali e dell\u2019Identit\u00e0 siciliana, Francesco Scarpinato<\/strong> \u2013 <em>\u00e8 ormai un appuntamento atteso, che di anno in anno riesce a rinnovarsi con una proposta culturale sempre pi\u00f9 originale e coinvolgente. Questa quinta edizione conferma la capacit\u00e0 del festival di coniugare la qualit\u00e0 degli spettacoli con scenari di straordinaria suggestione, come il Parco Archeologico di Morgantina e il centro storico di Mazzarino. Un evento accattivante, che porta sul palco artisti di rilievo nazionale e internazionale, offrendo al pubblico un\u2019esperienza immersiva tra musica, teatro e bellezza. Iniziative come questa dimostrano quanto la cultura, se valorizzata in sinergia con i luoghi che la ospitano, possa diventare un potente strumento di identit\u00e0, partecipazione e sviluppo.\u201d<\/em><\/p>\n<p><em>\u201cSono davvero orgogliosa di condividere in Sicilia la quinta edizione del Barbabl\u00f9 Fest<\/em> \u2013 sottolinea l\u2019<strong>assessore regionale al Turismo, Sport e Spettacolo, Elvira Amata<\/strong> \u2013 <em>un festival che nel tempo ha saputo coniugare segmenti diversi e complementari dell\u2019offerta turistica, quali, arte, cultura, musica, paesaggio e storia, trasformando ogni singolo momento in esperienze uniche. Un\u2019ulteriore occasione, non soltanto per rafforzare sul territorio significative azioni di promozione, ma anche per valorizzare sempre pi\u00f9 il nostro straordinario patrimonio. Agli organizzatori e a tutti i partner istituzionali del Festival vada il mio pi\u00f9 sentito ringraziamento per l\u2019impegno costante profuso unito all\u2019invito rivolto ai tanti cittadini e visitatori a vivere le tante emozioni che il ricco calendario di eventi in programma offrir\u00e0\u201d.<\/em><\/p>\n<p><em>\u201cIl nostro Barbabl\u00f9 Fest, giunto al quinto anno di programmazione<\/em> \u2013 aggiunge <strong>Andrea Peria Giaconia, di Terzo Millennio Progetti Artistici<\/strong> \u2013 <em>\u00e8 un traguardo che testimonia la forza di un progetto culturale nato dal desiderio di creare spazi di confronto, bellezza e consapevolezza. La valorizzazione del Parco di Morgantina, custode di una storia millenaria, per noi \u00e8 una missione fondamentale perch\u00e9 crediamo che la cultura debba vivere nei luoghi in cui nasce e che questi debbano essere vissuti e scoperti dal pubblico. Il festival \u00e8 diventato negli anni un potente richiamo per visitatori e turisti, contribuendo a rendere Morgantina non solo una meta di interesse storico, ma anche uno spazio vivo di arte, parola e riflessione contemporanea\u201d.<\/em><\/p>\n<p><em>\u201cBarbabl\u00f9 Fest \u00e8 un viaggio nel tempo e nello spirito dei luoghi. Portare la musica, il teatro e la parola nel cuore di Morgantina<\/em> \u2013 sottolinea <strong>Alberto Samon\u00e0, direttore artistico del Barbabl\u00f9 Fest<\/strong> \u2013<em> significa evocare l\u2019anima antica della Sicilia e restituire alla bellezza la sua voce pi\u00f9 autentica. Ogni spettacolo \u00e8 un rito, ogni serata una celebrazione della memoria e dell\u2019immaginazione. Questo Festival \u00e8 nato per far vibrare l\u2019invisibile che abita questi luoghi carichi di storia e di vita: perch\u00e9 la cultura non \u00e8 solo intrattenimento, ma riconnessione con la nostra identit\u00e0 pi\u00f9 profonda\u201d<\/em>.<\/p>\n<p><em>\u201cOspitare il Barbabl\u00f9 Fest per il quinto anno consecutivo<\/em> \u2013 conclude<strong> Carmelo Nicotra, direttore del Parco Archeologico di Morgantina e della Villa Romana del Casale<\/strong> \u2013<em> \u00e8 per noi motivo di grande orgoglio e responsabilit\u00e0. Il Parco Archeologico di Morgantina non \u00e8 soltanto uno scrigno di storia millenaria, ma anche uno spazio vivo, capace di dialogare con il presente attraverso l\u2019arte, la musica e il teatro. Il crescente afflusso di visitatori e l\u2019interesse nazionale che il festival suscita dimostrano quanto la cultura, se integrata al territorio, possa generare bellezza, partecipazione e sviluppo\u201d.<\/em><\/p>\n<p>-Foto ufficio stampa Barbabl\u00f9 Fest-<br \/>\n(ITALPRESS).<\/p>\n<\/div>\n","protected":false},"excerpt":{"rendered":"<p>PALERMO (ITALPRESS) \u2013 Torna, per la quinta edizione, il Barbabl\u00f9 Fest, il festival prodotto e realizzato da Terzo Millennio Progetti Artistici di Andrea Peria Giaconia, nato da un\u2019idea di Pietrangelo Buttafuoco e con la direzione artistica firmata, per il secondo anno, da Alberto Samon\u00e0, scrittore e giornalista siciliano. Dall\u20191 all\u20198 agosto al Parco Archeologico di [&hellip;]<\/p>\n","protected":false},"author":18,"featured_media":246820,"comment_status":"closed","ping_status":"closed","sticky":false,"template":"","format":"standard","meta":{"ub_ctt_via":"","_mi_skip_tracking":false},"categories":[2449],"tags":[783],"featured_image_src":"https:\/\/www.messinaoggi.it\/website\/wp-content\/uploads\/2025\/07\/Raphael-Gualazzi-e1753778128886.jpeg","author_info":{"display_name":"Admin","author_link":"https:\/\/www.messinaoggi.it\/website\/author\/admin\/"},"digistream_id":0,"digistream":false,"_links":{"self":[{"href":"https:\/\/www.messinaoggi.it\/website\/wp-json\/wp\/v2\/posts\/246819"}],"collection":[{"href":"https:\/\/www.messinaoggi.it\/website\/wp-json\/wp\/v2\/posts"}],"about":[{"href":"https:\/\/www.messinaoggi.it\/website\/wp-json\/wp\/v2\/types\/post"}],"author":[{"embeddable":true,"href":"https:\/\/www.messinaoggi.it\/website\/wp-json\/wp\/v2\/users\/18"}],"replies":[{"embeddable":true,"href":"https:\/\/www.messinaoggi.it\/website\/wp-json\/wp\/v2\/comments?post=246819"}],"version-history":[{"count":0,"href":"https:\/\/www.messinaoggi.it\/website\/wp-json\/wp\/v2\/posts\/246819\/revisions"}],"wp:featuredmedia":[{"embeddable":true,"href":"https:\/\/www.messinaoggi.it\/website\/wp-json\/wp\/v2\/media\/246820"}],"wp:attachment":[{"href":"https:\/\/www.messinaoggi.it\/website\/wp-json\/wp\/v2\/media?parent=246819"}],"wp:term":[{"taxonomy":"category","embeddable":true,"href":"https:\/\/www.messinaoggi.it\/website\/wp-json\/wp\/v2\/categories?post=246819"},{"taxonomy":"post_tag","embeddable":true,"href":"https:\/\/www.messinaoggi.it\/website\/wp-json\/wp\/v2\/tags?post=246819"}],"curies":[{"name":"wp","href":"https:\/\/api.w.org\/{rel}","templated":true}]}}