{"id":246742,"date":"2025-07-28T17:04:31","date_gmt":"2025-07-28T15:04:31","guid":{"rendered":"http:\/\/www.messinaoggi.it\/website\/?p=246742"},"modified":"2025-07-28T17:04:35","modified_gmt":"2025-07-28T15:04:35","slug":"viale-della-liberta-si-rifa-il-manto-stradale","status":"publish","type":"post","link":"https:\/\/www.messinaoggi.it\/website\/2025\/07\/28\/viale-della-liberta-si-rifa-il-manto-stradale\/","title":{"rendered":"Viale della Libert\u00e0, si rif\u00e0 il manto stradale"},"content":{"rendered":"\n<p>Gioved\u00ec 31 luglio e venerd\u00ec 1 agosto, dalle ore 10 sino alle 14, saranno istituiti provvedimenti viabili, per consentire l&#8217;esecuzione di lavori di scarifica e di ripristino della pavimentazione stradale nella carreggiata ovest (lato monte), direzione di marcia nord-sud, di viale della Libert\u00e0, nel tratto compreso tra le vie Pola e Gazometro. Pertanto vigeranno il divieto di sosta, con zona rimozione coatta, nei seguenti tratti di strada: a) lato ovest della carreggiata ovest (lato monte), direzione di marcia nord-sud, di viale della Libert\u00e0, nel tratto compreso tra le vie Pola e Gazometro; b) entrambi i lati di via Cuppari, nel tratto compreso tra via Pola e viale della Libert\u00e0; c) entrambi i lati di via Istria, nel tratto compreso tra via delle Concerie e viale della Libert\u00e0; il divieto di transito veicolare nei seguenti tratti di strada: a) carreggiata ovest (lato monte), direzione di marcia nord-sud, di viale della Libert\u00e0, nel tratto compreso tra le vie Pola e Gazometro, con conseguente deviazione del transito veicolare in via Pola, compresi i veicoli di massa a pieno carico superiore a 3,5 tonnellate; b) via Cuppari, nel tratto compreso tra via Pola e viale della Libert\u00e0; c) via Istria, nel tratto compreso tra via delle Concerie e viale della Libert\u00e0. Istituiti inoltre, sempre gioved\u00ec 31 luglio e venerd\u00ec 1 agosto, dalle ore 10 sino alle 14, il limite massimo di velocit\u00e0 di 30 km\/h in via Pola e nella carreggiata ovest (lato monte), direzione di marcia nord-sud, di viale della Libert\u00e0, nel tratto compreso tra la Scalinata Ringo e via Pola; il senso unico di circolazione, in direzione di marcia est-ovest (mare-monte), in via Istria, nel tratto compreso tra le vie delle Concerie e Pola; la direzione obbligatoria diritto in via Pola, direzione di marcia nord-sud, in corrispondenza dell&#8217;intersezione con via Istria; la direzione obbligatoria a sinistra in via delle Concerie, in corrispondenza dell&#8217;intersezione con via Istria; la direzione obbligatoria a sinistra in via Istria, nel tratto in direzione di marcia est-ovest e mare-monte, in corrispondenza dell&#8217;intersezione con via Pola; la direzione obbligatoria a destra in via Istria, nel tratto in direzione di marcia ovest-est e monte-mare, in corrispondenza dell&#8217;intersezione con via Pola; il senso unico vietato\u00a0in via Istria, nel tratto ad est (a valle) dell&#8217;intersezione con via Pola; la direzione obbligatoria a destra in via Fulci, in corrispondenza dell&#8217;intersezione con via Pola per l&#8217;immissione nella stessa via Pola; la direzione obbligatoria diritto per i veicoli di massa a pieno carico superiore a 3,5 tonnellate, nella carreggiata centrale di viale Giostra, in via Pola, direzione di marcia est-ovest (mare-monte), in corrispondenza dell&#8217;intersezione con via Garibaldi.<div id=\"div-gpt-ad-Messinaoggi.it-DSK-300x250-corpoart\" style=\"text-align:center;margin:0 auto;\"><\/div><\/p>\n<div id=\"videoincontent\" style=\"clear:both\";><\/div>","protected":false},"excerpt":{"rendered":"<p>Gioved\u00ec 31 luglio e venerd\u00ec 1 agosto, dalle ore 10 sino alle 14, saranno istituiti provvedimenti viabili, per consentire l&#8217;esecuzione di lavori di scarifica e di ripristino della pavimentazione stradale nella carreggiata ovest (lato monte), direzione di marcia nord-sud, di viale della Libert\u00e0, nel tratto compreso tra le vie Pola e Gazometro. Pertanto vigeranno il [&hellip;]<\/p>\n","protected":false},"author":2,"featured_media":52316,"comment_status":"open","ping_status":"open","sticky":false,"template":"","format":"standard","meta":{"ub_ctt_via":"","_mi_skip_tracking":false},"categories":[5],"tags":[],"featured_image_src":"https:\/\/www.messinaoggi.it\/website\/wp-content\/uploads\/2021\/01\/C1B467AA-36D5-47EB-A6D4-3F3834495CEA.jpeg","author_info":{"display_name":"Redazione","author_link":"https:\/\/www.messinaoggi.it\/website\/author\/redazione\/"},"digistream_id":0,"digistream":false,"_links":{"self":[{"href":"https:\/\/www.messinaoggi.it\/website\/wp-json\/wp\/v2\/posts\/246742"}],"collection":[{"href":"https:\/\/www.messinaoggi.it\/website\/wp-json\/wp\/v2\/posts"}],"about":[{"href":"https:\/\/www.messinaoggi.it\/website\/wp-json\/wp\/v2\/types\/post"}],"author":[{"embeddable":true,"href":"https:\/\/www.messinaoggi.it\/website\/wp-json\/wp\/v2\/users\/2"}],"replies":[{"embeddable":true,"href":"https:\/\/www.messinaoggi.it\/website\/wp-json\/wp\/v2\/comments?post=246742"}],"version-history":[{"count":1,"href":"https:\/\/www.messinaoggi.it\/website\/wp-json\/wp\/v2\/posts\/246742\/revisions"}],"predecessor-version":[{"id":246743,"href":"https:\/\/www.messinaoggi.it\/website\/wp-json\/wp\/v2\/posts\/246742\/revisions\/246743"}],"wp:featuredmedia":[{"embeddable":true,"href":"https:\/\/www.messinaoggi.it\/website\/wp-json\/wp\/v2\/media\/52316"}],"wp:attachment":[{"href":"https:\/\/www.messinaoggi.it\/website\/wp-json\/wp\/v2\/media?parent=246742"}],"wp:term":[{"taxonomy":"category","embeddable":true,"href":"https:\/\/www.messinaoggi.it\/website\/wp-json\/wp\/v2\/categories?post=246742"},{"taxonomy":"post_tag","embeddable":true,"href":"https:\/\/www.messinaoggi.it\/website\/wp-json\/wp\/v2\/tags?post=246742"}],"curies":[{"name":"wp","href":"https:\/\/api.w.org\/{rel}","templated":true}]}}