{"id":24654,"date":"2018-09-24T12:04:13","date_gmt":"2018-09-24T10:04:13","guid":{"rendered":"http:\/\/www.messinaoggi.it\/website\/?p=24654"},"modified":"2018-09-24T12:04:13","modified_gmt":"2018-09-24T10:04:13","slug":"anche-il-prof-francesco-pira-fra-i-premiati-del-solidarietas-2018","status":"publish","type":"post","link":"https:\/\/www.messinaoggi.it\/website\/2018\/09\/24\/anche-il-prof-francesco-pira-fra-i-premiati-del-solidarietas-2018\/","title":{"rendered":"Anche il prof. Francesco Pira fra i premiati del &quot;Solidarietas 2018&quot;"},"content":{"rendered":"<p style=\"text-align: justify;\">&#8216;Dedico questo Premio a tutte le ragazze e i ragazzi vittime del cyberbullismo. La loro vita \u00e8 cambiata dopo che una violenza inaudita \u00e8 stata esercitata su di loro&#8221;. Cos\u00ec il sociologo Francesco Pira, tra i vincitori del &#8216;Premio Nazionale Solidarietas 2018&#8221; organizzato dal Movimento Cristiano Lavoratori di Agrigento, con il patrocinio della Fondazione Sciascia. Il Premio \u00e8 stato conferito ad eccellenze nel campo della Formazione e della Solidariet\u00e0 che &#8221;con le loro azioni hanno contribuito e contribuiscono a creare una societ\u00e0 pi\u00f9 solidale e pi\u00f9 vivibile&#8221;. Ecco la motivazione del Premio consegnato a Pira dal Segretario Generale del MCL, Lorenzo Inghingoli. &#8221;Sociologo molto attento ai fenomeni sociali, da diversi anni, con grande professionalit\u00e0, ha iniziato una vera e propria lotta al fenomeno del Cyberbullismo per il quale ha tenuto conferenze, svolto docenze in corsi di formazione per insegnanti e genitori, ha fatto numerosi incontri con studenti delle scuole di ogni ordine e grado.<div id=\"div-gpt-ad-Messinaoggi.it-DSK-300x250-corpoart\" style=\"text-align:center;margin:0 auto;\"><\/div><\/p>\n<p style=\"text-align: justify;\">Ha firmato articoli scientifici per importanti riviste, rilasciato interviste televisive, radiofoniche sulla carta stampata per promuovere un uso consapevole delle nuove tecnologie e in particolare dei social network. Una missione esemplare di dedizione alla formazione e alla solidariet\u00e0&#8221;. I premiati dell&#8217;edizione 2018 sono stati: Francesco Lomanto, Preside della Facolt\u00e0 Teologica di Sicilia; Nello Musumeci, Presidente della Regione Siciliana (assente per impegni istituzionali ha ritirato il riconoscimento l&#8217;Assessore alla Cultura Sebastiano Tusa); Lorenzo Ornaghi, Accademico e gi\u00e0 Rettore dell&#8217;Universit\u00e0 Cattolica di Milano; Franz Pagot, Scrittore, Influencer, Giornalista e Direttore di Fotografia; Tommaso Parrinello, Fisico, Dirigente Agenzia Spaziale Europea; <strong>Francesco Pira<\/strong>, Sociologo e Docente di Comunicazione all&#8217;Universit\u00e0 di Messina; Anna Maria Sermenghi, Dirigente Scolastico del Liceo Empedocle di Agrigento; Giovanni Tes\u00e8, Avvocato e Docente di Discipline Economiche e Giuridiche; Antonino Staglian\u00f2, Vescovo della diocesi di Noto; Giovanbattista Tona, Magistrato; Casa Editrice Salvatore Sciascia.<div id=\"videoincontent\" style=\"clear:both\";><\/div><\/p>\n","protected":false},"excerpt":{"rendered":"<p>&#8216;Dedico questo Premio a tutte le ragazze e i ragazzi vittime del cyberbullismo. La loro vita \u00e8 cambiata dopo che una violenza inaudita \u00e8 stata esercitata su di loro&#8221;. Cos\u00ec il sociologo Francesco Pira, tra i vincitori del &#8216;Premio Nazionale Solidarietas 2018&#8221; organizzato dal Movimento Cristiano Lavoratori di Agrigento, con il patrocinio della Fondazione Sciascia. [&hellip;]<\/p>\n","protected":false},"author":2,"featured_media":10360,"comment_status":"closed","ping_status":"open","sticky":false,"template":"","format":"standard","meta":{"ub_ctt_via":"","_mi_skip_tracking":false},"categories":[7],"tags":[],"featured_image_src":"https:\/\/www.messinaoggi.it\/website\/wp-content\/uploads\/2017\/10\/universita-di-messinaRRP_1724.jpg","author_info":{"display_name":"Redazione","author_link":"https:\/\/www.messinaoggi.it\/website\/author\/redazione\/"},"digistream_id":0,"digistream":false,"_links":{"self":[{"href":"https:\/\/www.messinaoggi.it\/website\/wp-json\/wp\/v2\/posts\/24654"}],"collection":[{"href":"https:\/\/www.messinaoggi.it\/website\/wp-json\/wp\/v2\/posts"}],"about":[{"href":"https:\/\/www.messinaoggi.it\/website\/wp-json\/wp\/v2\/types\/post"}],"author":[{"embeddable":true,"href":"https:\/\/www.messinaoggi.it\/website\/wp-json\/wp\/v2\/users\/2"}],"replies":[{"embeddable":true,"href":"https:\/\/www.messinaoggi.it\/website\/wp-json\/wp\/v2\/comments?post=24654"}],"version-history":[{"count":0,"href":"https:\/\/www.messinaoggi.it\/website\/wp-json\/wp\/v2\/posts\/24654\/revisions"}],"wp:featuredmedia":[{"embeddable":true,"href":"https:\/\/www.messinaoggi.it\/website\/wp-json\/wp\/v2\/media\/10360"}],"wp:attachment":[{"href":"https:\/\/www.messinaoggi.it\/website\/wp-json\/wp\/v2\/media?parent=24654"}],"wp:term":[{"taxonomy":"category","embeddable":true,"href":"https:\/\/www.messinaoggi.it\/website\/wp-json\/wp\/v2\/categories?post=24654"},{"taxonomy":"post_tag","embeddable":true,"href":"https:\/\/www.messinaoggi.it\/website\/wp-json\/wp\/v2\/tags?post=24654"}],"curies":[{"name":"wp","href":"https:\/\/api.w.org\/{rel}","templated":true}]}}