{"id":24649,"date":"2018-09-24T11:42:31","date_gmt":"2018-09-24T09:42:31","guid":{"rendered":"http:\/\/www.messinaoggi.it\/website\/?p=24649"},"modified":"2018-09-24T11:42:31","modified_gmt":"2018-09-24T09:42:31","slug":"armao-a-fiuggi-ribadisce-sono-un-popolare-convinto","status":"publish","type":"post","link":"https:\/\/www.messinaoggi.it\/website\/2018\/09\/24\/armao-a-fiuggi-ribadisce-sono-un-popolare-convinto\/","title":{"rendered":"Armao a Fiuggi ribadisce: &quot;Sono un popolare convinto&quot;"},"content":{"rendered":"<p class=\"p1\">&#8220;Io sono un popolare fermamente convinto che, di fronte a un bieco populismo imperante, solo i valori della libert\u00e0 e della solidariet\u00e0 possono preparare un futuro di pace e progresso per i nostri figli in Europa\u201d. Cos\u00ec il vicepresidente della Regione siciliana, assessore regionale all\u2019Economia e componente del Comitato europeo delle Regioni, Gaetano Armao, intervenendo alla convention del Partito popolare europeo-Forza Italia a Fiuggi, organizzata da Antonio Tajani.<div id=\"div-gpt-ad-Messinaoggi.it-DSK-300x250-corpoart\" style=\"text-align:center;margin:0 auto;\"><\/div><\/p>\n<p class=\"p1\">\u201cOggi scontiamo i limiti di istituzioni europee che hanno perso la capacit\u00e0 di guardare al futuro e si accontentano di garantire la pace e gli equilibri finanziari, dimostrandosi incapaci di una politica estera comune e di gestire le dinamiche epocali delle migrazioni \u2013 ha aggiunto il vicepresidente -. La Sicilia per la sua storia millenaria \u00e9 paradigma dell\u2019integrazione europea. E siciliano era Sturzo che ha lasciato cento anni fa la proposta politica popolare, coniugando la difesa dei diritti di libert\u00e0 e solidariet\u00e0 verso i pi\u00f9 deboli, la lotta contro il depauperamento del Sud, il riconoscimento del valore delle autonomie e l\u2019idea di un\u2019Europa politicamente unita. Ripartiamo come popolari da quelle idee, proiettandole nel nuovo contesto della sfida europea, per superare le becere proposte populiste. L\u2019offensiva politica che vogliamo condurre parte da qui e sar\u00e0 vincente, a partire dalle prossime europee\u201d.<div id=\"videoincontent\" style=\"clear:both\";><\/div><\/p>\n<p class=\"p2\">\u201cLo sviluppo del Sud, in particolare delle regioni insulari Sicilia e Sardegna \u2013 ha sottolineato Armao &#8211; non costituisce una palla al piede per l\u2019Italia, ma una grande opportunit\u00e0 per rendere competitivo il Paese ed attrarre investimenti. Consapevolezza misconosciuta dal Governo a trazione grillina che punta al reddito di cittadinanza, con l\u2019obiettivo di narcotizzare il disagio non di risolverlo, soprattutto nel Mezzogiorno. Noi lavoriamo per investimenti, ricerca, universit\u00e0, loro balbettano minacce a chi tutela gli equilibri di bilancio\u201d.<\/p>\n<p class=\"p2\">Il vicepresidente ha ricordato l\u2019impegno del governo Musumeci per lo sviluppo dell\u2019Isola: \u201cIn Sicilia ci stiamo concentrando sul digitale. Ci sono 485 milioni di investimenti sull\u2019Agenda digitale, di cui 281 sulla banda ultra larga. Trovata a zero la spesa, quest\u2019anno, diventati polo strategico nazionale, supereremo i 70 milioni i spesa, partiremo con la realizzazione di un grande data center e nel 2020 completeremo la rete divenendo l\u2019area pi\u00f9<span class=\"Apple-converted-space\">\u00a0 <\/span>digitalizzata del Mediterraneo per imprese, giovani, anziani siciliani\u201d.<\/p>\n","protected":false},"excerpt":{"rendered":"<p>&#8220;Io sono un popolare fermamente convinto che, di fronte a un bieco populismo imperante, solo i valori della libert\u00e0 e della solidariet\u00e0 possono preparare un futuro di pace e progresso per i nostri figli in Europa\u201d. Cos\u00ec il vicepresidente della Regione siciliana, assessore regionale all\u2019Economia e componente del Comitato europeo delle Regioni, Gaetano Armao, intervenendo [&hellip;]<\/p>\n","protected":false},"author":2,"featured_media":8221,"comment_status":"closed","ping_status":"open","sticky":false,"template":"","format":"standard","meta":{"ub_ctt_via":"","_mi_skip_tracking":false},"categories":[11],"tags":[],"featured_image_src":"https:\/\/www.messinaoggi.it\/website\/wp-content\/uploads\/2017\/09\/L-genovese-palaculturaRRP_7479-2.jpg","author_info":{"display_name":"Redazione","author_link":"https:\/\/www.messinaoggi.it\/website\/author\/redazione\/"},"digistream_id":0,"digistream":false,"_links":{"self":[{"href":"https:\/\/www.messinaoggi.it\/website\/wp-json\/wp\/v2\/posts\/24649"}],"collection":[{"href":"https:\/\/www.messinaoggi.it\/website\/wp-json\/wp\/v2\/posts"}],"about":[{"href":"https:\/\/www.messinaoggi.it\/website\/wp-json\/wp\/v2\/types\/post"}],"author":[{"embeddable":true,"href":"https:\/\/www.messinaoggi.it\/website\/wp-json\/wp\/v2\/users\/2"}],"replies":[{"embeddable":true,"href":"https:\/\/www.messinaoggi.it\/website\/wp-json\/wp\/v2\/comments?post=24649"}],"version-history":[{"count":0,"href":"https:\/\/www.messinaoggi.it\/website\/wp-json\/wp\/v2\/posts\/24649\/revisions"}],"wp:featuredmedia":[{"embeddable":true,"href":"https:\/\/www.messinaoggi.it\/website\/wp-json\/wp\/v2\/media\/8221"}],"wp:attachment":[{"href":"https:\/\/www.messinaoggi.it\/website\/wp-json\/wp\/v2\/media?parent=24649"}],"wp:term":[{"taxonomy":"category","embeddable":true,"href":"https:\/\/www.messinaoggi.it\/website\/wp-json\/wp\/v2\/categories?post=24649"},{"taxonomy":"post_tag","embeddable":true,"href":"https:\/\/www.messinaoggi.it\/website\/wp-json\/wp\/v2\/tags?post=24649"}],"curies":[{"name":"wp","href":"https:\/\/api.w.org\/{rel}","templated":true}]}}