{"id":246356,"date":"2025-07-24T15:09:23","date_gmt":"2025-07-24T13:09:23","guid":{"rendered":"https:\/\/www.messinaoggi.it\/website\/2025\/07\/24\/ferrero-pubblica-il-16-rapporto-di-sostenibilita\/"},"modified":"2025-07-24T15:09:23","modified_gmt":"2025-07-24T13:09:23","slug":"ferrero-pubblica-il-16-rapporto-di-sostenibilita","status":"publish","type":"post","link":"https:\/\/www.messinaoggi.it\/website\/2025\/07\/24\/ferrero-pubblica-il-16-rapporto-di-sostenibilita\/","title":{"rendered":"Ferrero pubblica il 16^ Rapporto di Sostenibilit\u00e0"},"content":{"rendered":"<div>ALBA (CUNEO) (ITALPRESS) &#8211; Il Gruppo Ferrero ha annunciato la pubblicazione del 16\u00b0 Rapporto di Sostenibilit\u00e0.<br \/>\nIl rapporto mette in luce i &#8220;significativi e continui progressi compiuti dal Gruppo nel perseguimento dei principali obiettivi di sostenibilit\u00e0, coerentemente al proprio impegno di lunga data volto a generare un impatto positivo sull&#8217;intera catena del valore&#8221;.<br \/>\n&#8220;La sostenibilit\u00e0 \u00e8 profondamente radicata nella strategia a lungo termine di Ferrero. E&#8217; un motore fondamentale della resilienza aziendale e guida le nostre decisioni, mentre cresciamo responsabilmente. Di fronte alle sfide globali, in particolare al cambiamento climatico, il nostro impegno rimane chiaro: approvvigionarsi responsabilmente, innovare con coraggio e salvaguardare l&#8217;ambiente per le generazioni future. Questo progresso \u00e8 reso possibile grazie all&#8217;adozione di azioni collettive, alla valorizzazione dell&#8217;innovazione, ricerca e sviluppo, continuando ad imparare dalle nostre esperienze, per ottenere un impatto misurabile e significativo&#8221;, ha dichiarato Giovanni Ferrero, Executive Chairman del Gruppo Ferrero.<br \/>\n&#8220;A livello di sostenibilit\u00e0, abbiamo compiuto progressi costanti nella nostra agenda durante l&#8217;anno fiscale 2023\/2024. Sono particolarmente orgoglioso dei progressi che stiamo mettendo in atto per raggiungere i nostri obiettivi a lungo termine. Abbiamo portato avanti con successo il nostro percorso in ambito sostenibilit\u00e0, mantenendo al contempo una solida gestione finanziaria in tutta l&#8217;azienda. Stiamo compiendo grandi sforzi nella tracciabilit\u00e0 dei nostri ingredienti chiave e per migliorare la visibilit\u00e0 della catena di approvvigionamento, portando avanti al contempo i nostri impegni per garantire i diritti umani, proseguendo il nostro percorso di decarbonizzazione&#8221;, ha dichiarato Lapo Civiletti, Chief Executive Officer del Gruppo Ferrero.<br \/>\nL&#8217;ultimo Rapporto di Sostenibilit\u00e0 evidenzia i progressi raggiunti nella tracciabilit\u00e0 delle catene di approvvigionamento globali, con oltre il 90% degli ingredienti principali ora mappati sino all&#8217;origine. &#8220;Le partnership strategiche con Sourcemap e Starling stanno rafforzando ulteriormente la tracciabilit\u00e0 delle materie prime chiave, consentendo di raggiungere il 97% di tracciabilit\u00e0 sia per il cacao che per l&#8217;olio di palma e il 94% per le nocciole &#8211; spiega il Gruppo -. Inoltre, Ferrero ha compiuto grandi progressi verso l&#8217;obiettivo prefissato di dimezzare le emissioni di gas ad effetto serra entro il 2030, con una rilevante riduzione delle emissioni rispetto al valore di riferimento del 2017\/18&#8221;.<br \/>\nLe emissioni di Scope 1 e 2 sono state ridotte del 21,7%.<br \/>\nPer lo Scope 3, le emissioni FLAG (Foreste, Territorio e Agricoltura) e non FLAG sono state disaggregate per migliorare la misurazione e il monitoraggio delle emissioni di carbonio e aumentare l&#8217;affidabilit\u00e0 e l&#8217;accuratezza dei dati.<br \/>\nIl 90% dell&#8217;elettricit\u00e0 per la produzione e lo stoccaggio proviene da fonti rinnovabili.<br \/>\nCon il 92,1% degli imballaggi ora progettati per essere riciclabili, Ferrero ha mantenuto il suo impegno nel garantire che oltre il 90% dei materiali di imballaggio che utilizza sia riutilizzabile, riciclabile o compostabile.<br \/>\nSono stati compiuti &#8220;notevoli progressi nella riduzione della plastica vergine, tra i quali \u00e8 rilevante la diminuzione del 13% del rapporto plastica\/prodotto &#8211; prosegue la nota -. Questo include la conversione delle scatole di Ferrero Rocher da polistirene a polipropilene in Nord America e Cina, con un risparmio stimato di circa 11.000 tonnellate di plastica. Altri punti salienti includono il lancio di Nutella Plant-Based in vasetti realizzati con il 60% di vetro riciclato e il nuovo cucchiaino di carta di Kinder Joy. Altri punti salienti del Rapporto di Sostenibilit\u00e0 del Gruppo Ferrero includono: Sicurezza e qualit\u00e0 alimentare, il 100% degli stabilimenti Ferrero \u00e8 certificato secondo lo standard Global Food Safety Initiative (GFSI); Consumo responsabile, attenzione costante alle porzioni accuratamente definite. L&#8217;85% dei volumi commercializzati presentava una porzione pari o inferiore a 130 kcal, il 63% pari o inferiore a 100 kcal e il 91% inferiore a 150 kcal a porzione. Empowerment delle persone, Impatto continuo sulle comunit\u00e0 nei Paesi di origine attraverso partnership di lunga data con organizzazioni internazionali e locali, come l&#8217;Organizzazione Internazionale del Lavoro (ILO) e Save the Children. Kinder Joy of moving ha raggiunto oltre 3,7 milioni di bambini in 35 Paesi, con investimenti superiori a 13 milioni di euro. Nel 2024, Ferrero ha collaborato con Organizzazione degli Stati Americani (OAS) per promuovere l&#8217;inclusione, l&#8217;equit\u00e0 e l&#8217;accesso ai diritti attraverso lo sport e l&#8217;attivit\u00e0 fisica, in particolare per bambini, adolescenti e donne delle Americhe&#8221;.<br \/>\nPer ulteriori dettagli, \u00e8 possibile consultare il Rapporto di Sostenibilit\u00e0 completo: https:\/\/www.ferrero.com\/int\/en\/people-planet\/sustainability-reporting<div id=\"div-gpt-ad-Messinaoggi.it-DSK-300x250-corpoart\" style=\"text-align:center;margin:0 auto;\"><\/div><\/p>\n<p>&#8211; Foto ufficio stampa Ferrero &#8211;<div id=\"videoincontent\" style=\"clear:both\";><\/div><\/p>\n<p>(ITALPRESS).<\/p><\/div>\n","protected":false},"excerpt":{"rendered":"<p>ALBA (CUNEO) (ITALPRESS) &#8211; Il Gruppo Ferrero ha annunciato la pubblicazione del 16\u00b0 Rapporto di Sostenibilit\u00e0. Il rapporto mette in luce i &#8220;significativi e continui progressi compiuti dal Gruppo nel perseguimento dei principali obiettivi di sostenibilit\u00e0, coerentemente al proprio impegno di lunga data volto a generare un impatto positivo sull&#8217;intera catena del valore&#8221;. &#8220;La sostenibilit\u00e0 [&hellip;]<\/p>\n","protected":false},"author":18,"featured_media":246357,"comment_status":"closed","ping_status":"closed","sticky":false,"template":"","format":"standard","meta":{"ub_ctt_via":"","_mi_skip_tracking":false},"categories":[446],"tags":[783],"featured_image_src":"https:\/\/www.messinaoggi.it\/website\/wp-content\/uploads\/2025\/07\/20250724_0403.jpg","author_info":{"display_name":"Admin","author_link":"https:\/\/www.messinaoggi.it\/website\/author\/admin\/"},"digistream_id":0,"digistream":false,"_links":{"self":[{"href":"https:\/\/www.messinaoggi.it\/website\/wp-json\/wp\/v2\/posts\/246356"}],"collection":[{"href":"https:\/\/www.messinaoggi.it\/website\/wp-json\/wp\/v2\/posts"}],"about":[{"href":"https:\/\/www.messinaoggi.it\/website\/wp-json\/wp\/v2\/types\/post"}],"author":[{"embeddable":true,"href":"https:\/\/www.messinaoggi.it\/website\/wp-json\/wp\/v2\/users\/18"}],"replies":[{"embeddable":true,"href":"https:\/\/www.messinaoggi.it\/website\/wp-json\/wp\/v2\/comments?post=246356"}],"version-history":[{"count":0,"href":"https:\/\/www.messinaoggi.it\/website\/wp-json\/wp\/v2\/posts\/246356\/revisions"}],"wp:featuredmedia":[{"embeddable":true,"href":"https:\/\/www.messinaoggi.it\/website\/wp-json\/wp\/v2\/media\/246357"}],"wp:attachment":[{"href":"https:\/\/www.messinaoggi.it\/website\/wp-json\/wp\/v2\/media?parent=246356"}],"wp:term":[{"taxonomy":"category","embeddable":true,"href":"https:\/\/www.messinaoggi.it\/website\/wp-json\/wp\/v2\/categories?post=246356"},{"taxonomy":"post_tag","embeddable":true,"href":"https:\/\/www.messinaoggi.it\/website\/wp-json\/wp\/v2\/tags?post=246356"}],"curies":[{"name":"wp","href":"https:\/\/api.w.org\/{rel}","templated":true}]}}