{"id":246309,"date":"2025-07-24T10:47:15","date_gmt":"2025-07-24T08:47:15","guid":{"rendered":"http:\/\/www.messinaoggi.it\/website\/?p=246309"},"modified":"2025-07-24T10:47:19","modified_gmt":"2025-07-24T08:47:19","slug":"torri-morandi-la-denuncia-parcheggi-in-abbandono-e-in-parte-inutilizzati","status":"publish","type":"post","link":"https:\/\/www.messinaoggi.it\/website\/2025\/07\/24\/torri-morandi-la-denuncia-parcheggi-in-abbandono-e-in-parte-inutilizzati\/","title":{"rendered":"Torri Morandi, la denuncia: &#8220;Parcheggi in abbandono e in parte inutilizzati&#8221;"},"content":{"rendered":"\n<p>I comitati Messina 3S e &#8220;Salviamo Torre Faro&#8221; rispondono al comunicato stampa diramato dall&#8217;Amministrazione Comunale il 12 novembre 2024, nel quale si annunciava la consegna del primo lotto del &#8220;Parcheggio Torri Morandi&#8221;, presentato come intervento strategico per la riqualificazione dell&#8217;area e per il decongestionamento del traffico nella zona di Capo Peloro, anche in ottica di transizione ecologica.<div id=\"div-gpt-ad-Messinaoggi.it-DSK-300x250-corpoart\" style=\"text-align:center;margin:0 auto;\"><\/div><\/p>\n\n\n\n<p>I comitati ritengono necessario evidenziare lo stato di abbandono delle aree di sosta.<div id=\"videoincontent\" style=\"clear:both\";><\/div><\/p>\n\n\n\n<p>&#8220;A distanza di tempo, la situazione reale appare fortemente distante dalle intenzioni dichiarate:le aree di sosta, sia pubbliche che riservate ai residenti, risultano in parte inutilizzate e in stato di abbandono;numerose porzioni del parcheggio restano inspiegabilmente interdette all&#8217;uso, nonostante l&#8217;evidente fabbisogno di posti auto durante il periodo estivo;tale condizione ha causato notevoli disagi alla cittadinanza, in particolare ai residenti della zona, che continuano a subire le conseguenze di una gestione poco razionale della viabilit\u00e0 e della sosta&#8221;.<\/p>\n\n\n\n<p>Esprimono anche preoccupazioni per le nuove progettualit\u00e0 previste nell&#8217;area Torri Morandi.<\/p>\n\n\n\n<p>&#8220;Si \u00e8 appreso che l&#8217;Amministrazione Comunale intende procedere con ulteriori interventi nell&#8217;area delle Torri Morandi, consistenti nella realizzazione di un polo museale, di spazi culturali e commerciali, laboratori, spazi per workshop e altre strutture. Pur riconoscendo l&#8217;importanza della valorizzazione culturale dell&#8217;area, destano preoccupazione le ricadute sulla viabilit\u00e0 locale, in particolare per via Pozzo Giudeo, che rappresenta l&#8217;unico vero accesso al borgo di Torre Faro (escludendo vie come via Palazzo e via Nuova), ed \u00e8 larga appena 3 metri&#8221;.<\/p>\n\n\n\n<p>&#8220;Tale arteria \u00e8 gi\u00e0 oggi inadeguata a sostenere il traffico ordinario, &#8211; continua la nota &#8211; tanto pi\u00f9 nel periodo estivo, quando l&#8217;afflusso di residenti, visitatori e mezzi di servizio raggiunge il picco. Immaginare ulteriori insediamenti urbanistici senza affrontare prima l&#8217;emergenza viaria configura un aggravio insostenibile del carico urbanistico, con evidenti rischi per la sicurezza pubblica&#8221;.<\/p>\n\n\n\n<p>Viene sottolineata la necessit\u00e0 &#8220;improrogabile&#8221; del collegamento con via Senatore Francesco Arena detta anche Circonvallazione Tirrena.<\/p>\n\n\n\n<p>&#8220;Alla luce delle considerazioni esposte, si ritiene improrogabile il completamento dell&#8217;asse stradale di collegamento tra via Pozzo Giudeo e via Senatore Francesco Arena (Circonvallazione Tirrena). Solo tale infrastruttura potrebbe consentire uno sfogo alternativo al traffico locale e stagionale, un miglioramento delle condizioni di sicurezza stradale e accessibilit\u00e0, un supporto logistico adeguato in vista di future realizzazioni urbanistiche&#8221;.<\/p>\n\n\n\n<p>Infine richiamano l&#8217;attenzione sul fatto che &#8220;come evidenziato dagli stralci del Piano di Protezione Civile Comunale allegati, la zona risulta classificata come fragile e a rischio. In tale contesto, la questione viabilit\u00e0 non \u00e8 un elemento secondario, bens\u00ec fondamentale per garantire, in caso di emergenza, l&#8217;evacuazione e la messa in sicurezza dei cittadini ed evidenziano che &#8220;la carenza di parcheggi per i residenti di via Pozzo Giudeo non \u00e8 dovuta alla mancanza di spazi, bens\u00ec a una scelta amministrativa di interdire all&#8217;uso alcune aree oggi abbandonate; anche in presenza dei futuri cantieri, l&#8217;utilizzo provvisorio delle suddette aree avrebbe potuto (e potrebbe tuttora) alleviare i disagi vissuti quotidianamente dalla popolazione residente&#8221;.<\/p>\n\n\n\n<p>I comitati invitano dunque l&#8217;Amministrazione Comunale a &#8220;rivedere le attuali scelte in materia di viabilit\u00e0 e parcheggi, valutare con urgenza la realizzazione dell&#8217;asse stradale di collegamento con la Circonvallazione Tirrena, coinvolgere la cittadinanza e i Comitati civici territoriali in una valutazione trasparente e partecipata delle future trasformazioni urbanistiche dell&#8217;area. In mancanza di risposte concrete, si preannuncia la possibilit\u00e0 di azioni formali presso le autorit\u00e0 sovraordinate, a tutela della vivibilit\u00e0, della sicurezza e dei diritti dei cittadini di Torre Faro&#8221;. <\/p>\n","protected":false},"excerpt":{"rendered":"<p>I comitati Messina 3S e &#8220;Salviamo Torre Faro&#8221; rispondono al comunicato stampa diramato dall&#8217;Amministrazione Comunale il 12 novembre 2024, nel quale si annunciava la consegna del primo lotto del &#8220;Parcheggio Torri Morandi&#8221;, presentato come intervento strategico per la riqualificazione dell&#8217;area e per il decongestionamento del traffico nella zona di Capo Peloro, anche in ottica di [&hellip;]<\/p>\n","protected":false},"author":15,"featured_media":157467,"comment_status":"open","ping_status":"open","sticky":false,"template":"","format":"standard","meta":{"ub_ctt_via":"","_mi_skip_tracking":false},"categories":[4,6],"tags":[4971,621,4421,1154,1947],"featured_image_src":"https:\/\/www.messinaoggi.it\/website\/wp-content\/uploads\/2023\/05\/pilone-torre-faro-stretto.jpg","author_info":{"display_name":"red.me","author_link":"https:\/\/www.messinaoggi.it\/website\/author\/red-me\/"},"digistream_id":0,"digistream":false,"_links":{"self":[{"href":"https:\/\/www.messinaoggi.it\/website\/wp-json\/wp\/v2\/posts\/246309"}],"collection":[{"href":"https:\/\/www.messinaoggi.it\/website\/wp-json\/wp\/v2\/posts"}],"about":[{"href":"https:\/\/www.messinaoggi.it\/website\/wp-json\/wp\/v2\/types\/post"}],"author":[{"embeddable":true,"href":"https:\/\/www.messinaoggi.it\/website\/wp-json\/wp\/v2\/users\/15"}],"replies":[{"embeddable":true,"href":"https:\/\/www.messinaoggi.it\/website\/wp-json\/wp\/v2\/comments?post=246309"}],"version-history":[{"count":10,"href":"https:\/\/www.messinaoggi.it\/website\/wp-json\/wp\/v2\/posts\/246309\/revisions"}],"predecessor-version":[{"id":246325,"href":"https:\/\/www.messinaoggi.it\/website\/wp-json\/wp\/v2\/posts\/246309\/revisions\/246325"}],"wp:featuredmedia":[{"embeddable":true,"href":"https:\/\/www.messinaoggi.it\/website\/wp-json\/wp\/v2\/media\/157467"}],"wp:attachment":[{"href":"https:\/\/www.messinaoggi.it\/website\/wp-json\/wp\/v2\/media?parent=246309"}],"wp:term":[{"taxonomy":"category","embeddable":true,"href":"https:\/\/www.messinaoggi.it\/website\/wp-json\/wp\/v2\/categories?post=246309"},{"taxonomy":"post_tag","embeddable":true,"href":"https:\/\/www.messinaoggi.it\/website\/wp-json\/wp\/v2\/tags?post=246309"}],"curies":[{"name":"wp","href":"https:\/\/api.w.org\/{rel}","templated":true}]}}