{"id":246300,"date":"2025-07-24T00:09:24","date_gmt":"2025-07-23T22:09:24","guid":{"rendered":"https:\/\/www.messinaoggi.it\/website\/2025\/07\/23\/ddl-femminicidio-schlein-bene-ok-unanime-avanti-su-prevenzione\/"},"modified":"2025-07-24T10:42:14","modified_gmt":"2025-07-24T08:42:14","slug":"ddl-femminicidio-schlein-bene-ok-unanime-avanti-su-prevenzione","status":"publish","type":"post","link":"https:\/\/www.messinaoggi.it\/website\/2025\/07\/24\/ddl-femminicidio-schlein-bene-ok-unanime-avanti-su-prevenzione\/","title":{"rendered":"Ddl femminicidio, Schlein \u201cBene ok unanime, avanti su prevenzione\u201d"},"content":{"rendered":"<div>ROMA (ITALPRESS) &#8211; &#8220;<em><strong>Il confronto vero in Parlamento sull&#8217;introduzione del reato di femminicidio ha portato a dei risultati che hanno permesso l&#8217;approvazione all&#8217;unanimit\u00e0 della legge.<\/strong> Abbiamo dato un contributo nel merito, migliorando il testo che era arrivato in commissione al Senato a partire dalla definizione del reato, passando per la tutela degli orfani di femminicidio, alla formazione dei magistrati ed eliminando il limite dei 45 giorni per le intercettazioni. <strong>Una legge contro la violenza di genere, su cui opposizione e maggioranza hanno trovato un terreno comune&#8221;<\/strong><\/em><strong>.<\/strong> Cos\u00ec la <strong>segretaria del Pd Elly Schlein<\/strong> che aggiunge: &#8220;<em>Ora per\u00f2 bisogna rilanciare ed andare avanti, perch\u00e8 l&#8217;introduzione del reato purtroppo non sar\u00e0 sufficiente ad affrontare il fenomeno. Come diciamo sempre \u00e8 indispensabile lavorare sulla prevenzione, a partire dall&#8217;educazione all&#8217;affettivit\u00e0 e alle differenze da rendere obbligatoria nelle scuole, cos\u00ec come servono le risorse per la formazione specifica degli operatori delle forze dell&#8217;ordine, delle autorit\u00e0 giudiziarie e delle pubbliche amministrazioni. Anche su questo speriamo di possano approvare subito passi avanti necessari in parlamento. La repressione non basta, serve la prevenzione.<strong> E serve costruire queste misure nell&#8217; ascolto di chi tutti i giorni si misura con la violenza sulle donne, come ad esempio i centri antiviolenza&#8221;.<\/strong><\/em><br \/>\n-foto Ipa Agency &#8211;<br \/>\n(ITALPRESS).<\/div>\n<div id=\"div-gpt-ad-Messinaoggi.it-DSK-300x250-corpoart\" style=\"text-align:center;margin:0 auto;\"><\/div><\/p><div id=\"videoincontent\" style=\"clear:both\";><\/div>","protected":false},"excerpt":{"rendered":"<p>ROMA (ITALPRESS) &#8211; &#8220;Il confronto vero in Parlamento sull&#8217;introduzione del reato di femminicidio ha portato a dei risultati che hanno permesso l&#8217;approvazione all&#8217;unanimit\u00e0 della legge. Abbiamo dato un contributo nel merito, migliorando il testo che era arrivato in commissione al Senato a partire dalla definizione del reato, passando per la tutela degli orfani di femminicidio, [&hellip;]<\/p>\n","protected":false},"author":18,"featured_media":246301,"comment_status":"closed","ping_status":"closed","sticky":false,"template":"","format":"standard","meta":{"ub_ctt_via":"","_mi_skip_tracking":false},"categories":[446,4],"tags":[783],"featured_image_src":"https:\/\/www.messinaoggi.it\/website\/wp-content\/uploads\/2025\/07\/20250723_2783.jpg","author_info":{"display_name":"Admin","author_link":"https:\/\/www.messinaoggi.it\/website\/author\/admin\/"},"digistream_id":0,"digistream":false,"_links":{"self":[{"href":"https:\/\/www.messinaoggi.it\/website\/wp-json\/wp\/v2\/posts\/246300"}],"collection":[{"href":"https:\/\/www.messinaoggi.it\/website\/wp-json\/wp\/v2\/posts"}],"about":[{"href":"https:\/\/www.messinaoggi.it\/website\/wp-json\/wp\/v2\/types\/post"}],"author":[{"embeddable":true,"href":"https:\/\/www.messinaoggi.it\/website\/wp-json\/wp\/v2\/users\/18"}],"replies":[{"embeddable":true,"href":"https:\/\/www.messinaoggi.it\/website\/wp-json\/wp\/v2\/comments?post=246300"}],"version-history":[{"count":1,"href":"https:\/\/www.messinaoggi.it\/website\/wp-json\/wp\/v2\/posts\/246300\/revisions"}],"predecessor-version":[{"id":246319,"href":"https:\/\/www.messinaoggi.it\/website\/wp-json\/wp\/v2\/posts\/246300\/revisions\/246319"}],"wp:featuredmedia":[{"embeddable":true,"href":"https:\/\/www.messinaoggi.it\/website\/wp-json\/wp\/v2\/media\/246301"}],"wp:attachment":[{"href":"https:\/\/www.messinaoggi.it\/website\/wp-json\/wp\/v2\/media?parent=246300"}],"wp:term":[{"taxonomy":"category","embeddable":true,"href":"https:\/\/www.messinaoggi.it\/website\/wp-json\/wp\/v2\/categories?post=246300"},{"taxonomy":"post_tag","embeddable":true,"href":"https:\/\/www.messinaoggi.it\/website\/wp-json\/wp\/v2\/tags?post=246300"}],"curies":[{"name":"wp","href":"https:\/\/api.w.org\/{rel}","templated":true}]}}