{"id":246284,"date":"2025-07-23T21:09:23","date_gmt":"2025-07-23T19:09:23","guid":{"rendered":"https:\/\/www.messinaoggi.it\/website\/2025\/07\/23\/secondo-timbro-al-tour-per-milan-sprint-vincente-nella-17-tappa\/"},"modified":"2025-07-23T21:09:23","modified_gmt":"2025-07-23T19:09:23","slug":"secondo-timbro-al-tour-per-milan-sprint-vincente-nella-17-tappa","status":"publish","type":"post","link":"https:\/\/www.messinaoggi.it\/website\/2025\/07\/23\/secondo-timbro-al-tour-per-milan-sprint-vincente-nella-17-tappa\/","title":{"rendered":"Secondo timbro al Tour per Milan, sprint vincente nella 17^ tappa"},"content":{"rendered":"<div>VALENCE (FRANCIA) (ITALPRESS) &#8211; Jonathan Milan conquista il suo secondo successo al Tour de France 2025, trionfando nella diciassettesima tappa, la Bollene-Valence di 160,4 km. Il corridore della Lidl-Trek brucia nella volata finale il belga Jordi Meeus (Red Bull Bora) e il danese Tobias Lund Andresen (Picnic PostNL) e porta a casa preziosi punti in ottica maglia verde. Quinto posto per un ottimo Davide Ballerini (XDS Astana), che precede Alberto Dainese (Tudor). &#8220;Sono davvero felice, non ho parole &#8211; commenta &#8211; Sono riuscito a sopravvivere alle montagne, soprattutto grazie all&#8217;aiuto di tutta la mia squadra. Ogni singolo giorno ho sentito il supporto dei miei compagni, anche oggi \u00e8 stata una giornata dura perch\u00e8 abbiamo dovuto controllare sin dall&#8217;inizio. Sulla prima salita mi sono staccato, poi abbiamo fatto un buon ritmo. Il finale \u00e8 stato complicato anche per la pioggia, nelle rotonde bisognava stare sempre davanti. Questa \u00e8 stata una vittoria di squadra, devo ringraziare tutti. Stuyven mi ha lanciato in maniera perfetta per il mio sprint&#8221;. Milan, sfuggito alla maxi-caduta che ha preceduto la volata (&#8220;Non ho visto, ma spero che stiano tutti bene&#8221;), \u00e8 sempre pi\u00f9 in maglia verde: &#8220;Non \u00e8 ancora finita, ci aspettano delle giornate dure, ma per ora \u00e8 andato tutto bene&#8221;. Niente da fare per la piccola fuga di giornata composta da quattro uomini: Vincenzo Albanese (EF Education Easy Post), Quentin Pacher (Groupama FDJ), Jonas Abrahamsen (Uno X Mobility) e Mathieu Burgadeau (TotalEnergies) vengono riacciuffati dal gruppo principale a 4 km dalla conclusione. Tutto facile invece per Tadej Pogacar (UAE Emirates), che resta in maglia gialla e si prepara ad una due giorni decisiva per consolidare il primato in classifica generale. Domani la diciottesima tappa, la Vif-Courchevel (Col de la Loze) di 171,5 km.<br \/>&#8211; foto Ipa Agency &#8211;<br \/>(ITALPRESS).<\/div>\n<div id=\"div-gpt-ad-Messinaoggi.it-DSK-300x250-corpoart\" style=\"text-align:center;margin:0 auto;\"><\/div><\/p><div id=\"videoincontent\" style=\"clear:both\";><\/div>","protected":false},"excerpt":{"rendered":"<p>VALENCE (FRANCIA) (ITALPRESS) &#8211; Jonathan Milan conquista il suo secondo successo al Tour de France 2025, trionfando nella diciassettesima tappa, la Bollene-Valence di 160,4 km. Il corridore della Lidl-Trek brucia nella volata finale il belga Jordi Meeus (Red Bull Bora) e il danese Tobias Lund Andresen (Picnic PostNL) e porta a casa preziosi punti in [&hellip;]<\/p>\n","protected":false},"author":18,"featured_media":246285,"comment_status":"closed","ping_status":"closed","sticky":false,"template":"","format":"standard","meta":{"ub_ctt_via":"","_mi_skip_tracking":false},"categories":[446],"tags":[783],"featured_image_src":"https:\/\/www.messinaoggi.it\/website\/wp-content\/uploads\/2025\/07\/20250723_2274.jpg","author_info":{"display_name":"Admin","author_link":"https:\/\/www.messinaoggi.it\/website\/author\/admin\/"},"digistream_id":0,"digistream":false,"_links":{"self":[{"href":"https:\/\/www.messinaoggi.it\/website\/wp-json\/wp\/v2\/posts\/246284"}],"collection":[{"href":"https:\/\/www.messinaoggi.it\/website\/wp-json\/wp\/v2\/posts"}],"about":[{"href":"https:\/\/www.messinaoggi.it\/website\/wp-json\/wp\/v2\/types\/post"}],"author":[{"embeddable":true,"href":"https:\/\/www.messinaoggi.it\/website\/wp-json\/wp\/v2\/users\/18"}],"replies":[{"embeddable":true,"href":"https:\/\/www.messinaoggi.it\/website\/wp-json\/wp\/v2\/comments?post=246284"}],"version-history":[{"count":0,"href":"https:\/\/www.messinaoggi.it\/website\/wp-json\/wp\/v2\/posts\/246284\/revisions"}],"wp:featuredmedia":[{"embeddable":true,"href":"https:\/\/www.messinaoggi.it\/website\/wp-json\/wp\/v2\/media\/246285"}],"wp:attachment":[{"href":"https:\/\/www.messinaoggi.it\/website\/wp-json\/wp\/v2\/media?parent=246284"}],"wp:term":[{"taxonomy":"category","embeddable":true,"href":"https:\/\/www.messinaoggi.it\/website\/wp-json\/wp\/v2\/categories?post=246284"},{"taxonomy":"post_tag","embeddable":true,"href":"https:\/\/www.messinaoggi.it\/website\/wp-json\/wp\/v2\/tags?post=246284"}],"curies":[{"name":"wp","href":"https:\/\/api.w.org\/{rel}","templated":true}]}}