{"id":246278,"date":"2025-07-23T19:09:23","date_gmt":"2025-07-23T17:09:23","guid":{"rendered":"https:\/\/www.messinaoggi.it\/website\/2025\/07\/23\/meloni-tra-italia-e-algeria-cooperazione-sempre-piu-forte\/"},"modified":"2025-07-23T19:09:23","modified_gmt":"2025-07-23T17:09:23","slug":"meloni-tra-italia-e-algeria-cooperazione-sempre-piu-forte","status":"publish","type":"post","link":"https:\/\/www.messinaoggi.it\/website\/2025\/07\/23\/meloni-tra-italia-e-algeria-cooperazione-sempre-piu-forte\/","title":{"rendered":"Meloni \u201cTra Italia e Algeria cooperazione sempre pi\u00f9 forte\u201d"},"content":{"rendered":"<div>ROMA (ITALPRESS) &#8211; &#8220;<em>Sono molto soddisfatta dai risultati di questo vertice, della qualit\u00e0 delle intese che abbiamo raggiunto, una parte delle quali \u00e8 stata testimoniata in questa cerimonia, ma al termine di questa parte del nostro vertice intergovernativo ci recheremo insieme per la conclusione del Business Forum&#8221;<\/em>. Lo ha detto il <strong>premier Giorgia Meloni nelle dichiarazioni congiunte con il presidente dell&#8217;Algeria Abdelmadjid Tebboune, in occasione del quinto vertice intergovernativo tra i due Paesi.<br \/>\n<\/strong><br \/>\n<em>&#8220;Al Business Forum sono presenti oltre 300 imprese a dimostrazione di una sempre maggiore interconnessione tra le nostre economie&#8221;,<\/em> ha aggiunto Meloni. &#8220;<em>Oggi si firmeranno circa 40 intese tra le nostre due nazioni e tra i nostri sistemi produttivi. Non \u00e8 solo un risultato numerico&#8221;,<\/em> ha aggiunto.<div id=\"div-gpt-ad-Messinaoggi.it-DSK-300x250-corpoart\" style=\"text-align:center;margin:0 auto;\"><\/div><\/p>\n<p><em>&#8220;Sono accordi che ci consentono di dire che l&#8217;amicizia tra le nostre due nazioni non \u00e8 mai stata cos\u00ec speciale, con un livello di solidit\u00e0 mai toccata in passato. Per noi l&#8217;Algeria \u00e8 un partner assolutamente strategico&#8221;<\/em>, ha sottolineato il premier.<div id=\"videoincontent\" style=\"clear:both\";><\/div><\/p>\n<p>L&#8217;Algeria \u00e8 uno dei partner principali del <strong>Piano Mattei,<\/strong> &#8220;<em>che punta a dare sistematicit\u00e0 e profondit\u00e0 a un modello di cooperazione che non \u00e8 predatorio, ma al contrario paritario e vantaggioso per tutti<\/em> &#8211; ha detto ancora Meloni -.<em> Italia e Algeria hanno dato tante volte prova di questo rapporto, soprattutto nei momenti di difficolt\u00e0&#8221;.<br \/>\n<\/em><br \/>\n<em>&#8220;L&#8217;energia \u00e8 una delle materie pi\u00f9 salde della cooperazione tra Italia e Algeria. L&#8217;Italia vuole diventare un hub energetico nel Mediterraneo e senza la collaborazione con l&#8217;Algeria non potremmo cercare di farlo. Siamo soddisfatti della collaborazione Eni-Sonatrach, che con le intese firmate diventer\u00e0 ancora pi\u00f9 solida. Continueremo a lavorare insieme per nuovi corridoi energetici e digitali&#8221;<\/em>, ha aggiunto.<\/p>\n<p>&#8211; Foto IPA Agency &#8211;<\/p>\n<p>(ITALPRESS).<\/p><\/div>\n","protected":false},"excerpt":{"rendered":"<p>ROMA (ITALPRESS) &#8211; &#8220;Sono molto soddisfatta dai risultati di questo vertice, della qualit\u00e0 delle intese che abbiamo raggiunto, una parte delle quali \u00e8 stata testimoniata in questa cerimonia, ma al termine di questa parte del nostro vertice intergovernativo ci recheremo insieme per la conclusione del Business Forum&#8221;. Lo ha detto il premier Giorgia Meloni nelle [&hellip;]<\/p>\n","protected":false},"author":18,"featured_media":246279,"comment_status":"closed","ping_status":"closed","sticky":false,"template":"","format":"standard","meta":{"ub_ctt_via":"","_mi_skip_tracking":false},"categories":[446],"tags":[783],"featured_image_src":"https:\/\/www.messinaoggi.it\/website\/wp-content\/uploads\/2025\/07\/20250723_1893.jpg","author_info":{"display_name":"Admin","author_link":"https:\/\/www.messinaoggi.it\/website\/author\/admin\/"},"digistream_id":0,"digistream":false,"_links":{"self":[{"href":"https:\/\/www.messinaoggi.it\/website\/wp-json\/wp\/v2\/posts\/246278"}],"collection":[{"href":"https:\/\/www.messinaoggi.it\/website\/wp-json\/wp\/v2\/posts"}],"about":[{"href":"https:\/\/www.messinaoggi.it\/website\/wp-json\/wp\/v2\/types\/post"}],"author":[{"embeddable":true,"href":"https:\/\/www.messinaoggi.it\/website\/wp-json\/wp\/v2\/users\/18"}],"replies":[{"embeddable":true,"href":"https:\/\/www.messinaoggi.it\/website\/wp-json\/wp\/v2\/comments?post=246278"}],"version-history":[{"count":0,"href":"https:\/\/www.messinaoggi.it\/website\/wp-json\/wp\/v2\/posts\/246278\/revisions"}],"wp:featuredmedia":[{"embeddable":true,"href":"https:\/\/www.messinaoggi.it\/website\/wp-json\/wp\/v2\/media\/246279"}],"wp:attachment":[{"href":"https:\/\/www.messinaoggi.it\/website\/wp-json\/wp\/v2\/media?parent=246278"}],"wp:term":[{"taxonomy":"category","embeddable":true,"href":"https:\/\/www.messinaoggi.it\/website\/wp-json\/wp\/v2\/categories?post=246278"},{"taxonomy":"post_tag","embeddable":true,"href":"https:\/\/www.messinaoggi.it\/website\/wp-json\/wp\/v2\/tags?post=246278"}],"curies":[{"name":"wp","href":"https:\/\/api.w.org\/{rel}","templated":true}]}}