{"id":246264,"date":"2025-07-23T17:09:27","date_gmt":"2025-07-23T15:09:27","guid":{"rendered":"https:\/\/www.messinaoggi.it\/website\/2025\/07\/23\/calhanoglu-felice-di-restare-allinter-con-lautaro-tutto-chiarito\/"},"modified":"2025-07-23T17:09:27","modified_gmt":"2025-07-23T15:09:27","slug":"calhanoglu-felice-di-restare-allinter-con-lautaro-tutto-chiarito","status":"publish","type":"post","link":"https:\/\/www.messinaoggi.it\/website\/2025\/07\/23\/calhanoglu-felice-di-restare-allinter-con-lautaro-tutto-chiarito\/","title":{"rendered":"Calhanoglu \u201cFelice di restare all\u2019Inter, con Lautaro tutto chiarito\u201d"},"content":{"rendered":"<div>MILANO (ITALPRESS) &#8211; <em><strong>&#8220;Resto all&#8217;Inter&#8221;<\/strong>.<\/em> Hakan <strong>Calhanoglu,<\/strong> al suo arrivo ad Appiano, \u00e8 netto. Non ha dubbi sul suo futuro, ringrazia i tifosi per uno striscione (<em>&#8220;L&#8217;ho visto, il messaggio \u00e8 bello e chiaro&#8221;)<\/em> e assicura che le incomprensioni con Lautaro Martinez sono gi\u00e0 alle spalle. &#8220;<em>Ho gi\u00e0 parlato con Lautaro, non c&#8217;\u00e8 nessun problema. Speriamo di puntare a vincere tutto anche quest&#8217;anno&#8221;<\/em>, dice ai tifosi per poi rispondere alle domande dei giornalisti e tornare su tutte le voci che si sono diffuse dopo il Mondiale per club.<div id=\"div-gpt-ad-Messinaoggi.it-DSK-300x250-corpoart\" style=\"text-align:center;margin:0 auto;\"><\/div><\/p>\n<p><em>&#8220;La mia vacanza non \u00e8 stata facile, ci sono state tante speculazioni, ma siamo stati sempre in contatto con l&#8217;Inter, sono tornato nelle migliori condizioni e sono felice di essere qui<\/em> &#8211; spiega il centrocampista turco -. <em>Ogni anno ci sono voci di mercato, quest&#8217;anno un p\u00f2 di pi\u00f9, ma non ho detto nulla, ho aspettato di tornare. Sono contento di restare e ho sempre detto che voglio rimanere qui. Rinnovo? Speriamo, vediamo cosa succeder\u00e0, ma il mio obiettivo \u00e8 vincere trofei&#8221;<\/em>.<div id=\"videoincontent\" style=\"clear:both\";><\/div><\/p>\n<p>Infine Calhanoglu torna sul suo rapporto con Lautaro.<em> &#8220;Ci siamo parlati, siamo professionisti, \u00e8 tutto chiarito, non ci sono problemi e quando il capitano torner\u00e0 lo abbracceremo, ora \u00e8 in vacanza ed \u00e8 giusto cos\u00ec, avevamo la testa piena, adesso siamo rilassati e guardiamo avanti&#8221;.<\/em><\/p>\n<p>&#8211; Foto Ipa Agency &#8211;<\/p>\n<p>(ITALPRESS).<\/p><\/div>\n","protected":false},"excerpt":{"rendered":"<p>MILANO (ITALPRESS) &#8211; &#8220;Resto all&#8217;Inter&#8221;. Hakan Calhanoglu, al suo arrivo ad Appiano, \u00e8 netto. Non ha dubbi sul suo futuro, ringrazia i tifosi per uno striscione (&#8220;L&#8217;ho visto, il messaggio \u00e8 bello e chiaro&#8221;) e assicura che le incomprensioni con Lautaro Martinez sono gi\u00e0 alle spalle. &#8220;Ho gi\u00e0 parlato con Lautaro, non c&#8217;\u00e8 nessun problema. [&hellip;]<\/p>\n","protected":false},"author":18,"featured_media":246265,"comment_status":"closed","ping_status":"closed","sticky":false,"template":"","format":"standard","meta":{"ub_ctt_via":"","_mi_skip_tracking":false},"categories":[446],"tags":[783],"featured_image_src":"https:\/\/www.messinaoggi.it\/website\/wp-content\/uploads\/2025\/07\/20250723_0882.jpg","author_info":{"display_name":"Admin","author_link":"https:\/\/www.messinaoggi.it\/website\/author\/admin\/"},"digistream_id":0,"digistream":false,"_links":{"self":[{"href":"https:\/\/www.messinaoggi.it\/website\/wp-json\/wp\/v2\/posts\/246264"}],"collection":[{"href":"https:\/\/www.messinaoggi.it\/website\/wp-json\/wp\/v2\/posts"}],"about":[{"href":"https:\/\/www.messinaoggi.it\/website\/wp-json\/wp\/v2\/types\/post"}],"author":[{"embeddable":true,"href":"https:\/\/www.messinaoggi.it\/website\/wp-json\/wp\/v2\/users\/18"}],"replies":[{"embeddable":true,"href":"https:\/\/www.messinaoggi.it\/website\/wp-json\/wp\/v2\/comments?post=246264"}],"version-history":[{"count":0,"href":"https:\/\/www.messinaoggi.it\/website\/wp-json\/wp\/v2\/posts\/246264\/revisions"}],"wp:featuredmedia":[{"embeddable":true,"href":"https:\/\/www.messinaoggi.it\/website\/wp-json\/wp\/v2\/media\/246265"}],"wp:attachment":[{"href":"https:\/\/www.messinaoggi.it\/website\/wp-json\/wp\/v2\/media?parent=246264"}],"wp:term":[{"taxonomy":"category","embeddable":true,"href":"https:\/\/www.messinaoggi.it\/website\/wp-json\/wp\/v2\/categories?post=246264"},{"taxonomy":"post_tag","embeddable":true,"href":"https:\/\/www.messinaoggi.it\/website\/wp-json\/wp\/v2\/tags?post=246264"}],"curies":[{"name":"wp","href":"https:\/\/api.w.org\/{rel}","templated":true}]}}