{"id":246260,"date":"2025-07-23T17:09:23","date_gmt":"2025-07-23T15:09:23","guid":{"rendered":"https:\/\/www.messinaoggi.it\/website\/2025\/07\/23\/ddl-femminicidio-il-senato-approva-il-testo-allunanimita\/"},"modified":"2025-07-23T17:31:34","modified_gmt":"2025-07-23T15:31:34","slug":"ddl-femminicidio-il-senato-approva-il-testo-allunanimita","status":"publish","type":"post","link":"https:\/\/www.messinaoggi.it\/website\/2025\/07\/23\/ddl-femminicidio-il-senato-approva-il-testo-allunanimita\/","title":{"rendered":"Ddl femminicidio, il Senato approva il testo all\u2019unanimit\u00e0"},"content":{"rendered":"<div>ROMA (ITALPRESS) &#8211; <strong>Il Senato ha approvato all&#8217;unanimit\u00e0 il ddl che introduce il nuovo reato di femminicidio:<\/strong> 161 i voti a favore. Il testo passa ora alla Camera.<div id=\"div-gpt-ad-Messinaoggi.it-DSK-300x250-corpoart\" style=\"text-align:center;margin:0 auto;\"><\/div><\/p>\n<h3><strong>LE PAROLE DI ROCCELLA<\/strong><\/h3>\n<p><em>&#8220;La storia d&#8217;Italia ci ha insegnato che dare un nome ai fenomeni, descriverne i caratteri, dotarsi di strumenti per contrastarli, \u00e8 importante non solo per la trattazione dei singoli casi ma anche perch\u00e9 le leggi fanno parte della cultura di una Nazione e contribuiscono a formarla&#8221;<\/em>. Lo dichiara Eugenia <strong>Roccella,<\/strong> ministra per la Famiglia, la Natalit\u00e0 e le Pari Opportunit\u00e0. <em>&#8220;Oggi il Senato, dopo un lavoro approfondito in Commissione Giustizia<\/em> &#8211; prosegue Roccella -,<em> ha scritto una pagina importante nella lotta alla violenza contro le donne, e sono felice che lo abbia fatto all&#8217;unanimit\u00e0. Tipizzare il reato di femminicidio non significa certo usare sociologicamente il diritto penale o creare una classifica di gravit\u00e0 degli omicidi in base al genere della persona uccisa. Significa riconoscere la specificit\u00e0 di un fenomeno e dunque prevenirlo e creare le condizioni per contrastarlo con pi\u00f9 efficacia, tanto sul piano operativo e della formazione, quanto sul piano culturale. Sapere con cosa abbiamo a che fare \u00e8 un passo fondamentale per combattere questa piaga. L&#8217;Italia, fra i primi Paesi a tipizzare il reato di femminicidio<\/em> &#8211; conclude la ministra -, <em>\u00e8 ancora una volta un esempio per il mondo&#8221;.<\/em><div id=\"videoincontent\" style=\"clear:both\";><\/div><\/p>\n<p>-foto Ipa Agency &#8211;<\/p>\n<p>(ITALPRESS).<\/p><\/div>\n","protected":false},"excerpt":{"rendered":"<p>ROMA (ITALPRESS) &#8211; Il Senato ha approvato all&#8217;unanimit\u00e0 il ddl che introduce il nuovo reato di femminicidio: 161 i voti a favore. Il testo passa ora alla Camera. LE PAROLE DI ROCCELLA &#8220;La storia d&#8217;Italia ci ha insegnato che dare un nome ai fenomeni, descriverne i caratteri, dotarsi di strumenti per contrastarli, \u00e8 importante non [&hellip;]<\/p>\n","protected":false},"author":18,"featured_media":246261,"comment_status":"closed","ping_status":"closed","sticky":false,"template":"","format":"standard","meta":{"ub_ctt_via":"","_mi_skip_tracking":false},"categories":[446,4],"tags":[783],"featured_image_src":"https:\/\/www.messinaoggi.it\/website\/wp-content\/uploads\/2025\/07\/20250723_0702.jpg","author_info":{"display_name":"Admin","author_link":"https:\/\/www.messinaoggi.it\/website\/author\/admin\/"},"digistream_id":0,"digistream":false,"_links":{"self":[{"href":"https:\/\/www.messinaoggi.it\/website\/wp-json\/wp\/v2\/posts\/246260"}],"collection":[{"href":"https:\/\/www.messinaoggi.it\/website\/wp-json\/wp\/v2\/posts"}],"about":[{"href":"https:\/\/www.messinaoggi.it\/website\/wp-json\/wp\/v2\/types\/post"}],"author":[{"embeddable":true,"href":"https:\/\/www.messinaoggi.it\/website\/wp-json\/wp\/v2\/users\/18"}],"replies":[{"embeddable":true,"href":"https:\/\/www.messinaoggi.it\/website\/wp-json\/wp\/v2\/comments?post=246260"}],"version-history":[{"count":1,"href":"https:\/\/www.messinaoggi.it\/website\/wp-json\/wp\/v2\/posts\/246260\/revisions"}],"predecessor-version":[{"id":246269,"href":"https:\/\/www.messinaoggi.it\/website\/wp-json\/wp\/v2\/posts\/246260\/revisions\/246269"}],"wp:featuredmedia":[{"embeddable":true,"href":"https:\/\/www.messinaoggi.it\/website\/wp-json\/wp\/v2\/media\/246261"}],"wp:attachment":[{"href":"https:\/\/www.messinaoggi.it\/website\/wp-json\/wp\/v2\/media?parent=246260"}],"wp:term":[{"taxonomy":"category","embeddable":true,"href":"https:\/\/www.messinaoggi.it\/website\/wp-json\/wp\/v2\/categories?post=246260"},{"taxonomy":"post_tag","embeddable":true,"href":"https:\/\/www.messinaoggi.it\/website\/wp-json\/wp\/v2\/tags?post=246260"}],"curies":[{"name":"wp","href":"https:\/\/api.w.org\/{rel}","templated":true}]}}