{"id":246256,"date":"2025-07-23T16:04:25","date_gmt":"2025-07-23T14:04:25","guid":{"rendered":"https:\/\/www.messinaoggi.it\/website\/2025\/07\/23\/schifani-la-riforma-sui-consorzi-di-bonifica-si-fara-dopo-lestate\/"},"modified":"2025-07-23T17:31:45","modified_gmt":"2025-07-23T15:31:45","slug":"schifani-la-riforma-sui-consorzi-di-bonifica-si-fara-dopo-lestate","status":"publish","type":"post","link":"https:\/\/www.messinaoggi.it\/website\/2025\/07\/23\/schifani-la-riforma-sui-consorzi-di-bonifica-si-fara-dopo-lestate\/","title":{"rendered":"Schifani \u201cLa riforma sui Consorzi di bonifica si far\u00e0 dopo l\u2019estate\u201d"},"content":{"rendered":"<div>\n<p>PALERMO (ITALPRESS) \u2013 Il governo regionale non arretra sulla riforma dei Consorzi di bonifica. E\u2019 quanto si legge in una nota della <strong>Regione Siciliana<\/strong>, che sottolinea come, dopo lo stop arrivato ieri all\u2019Ars con un voto segreto, Palazzo d\u2019Orl\u00e9ans ha subito rassicurato sindacati e associazioni del mondo agricolo: il provvedimento sar\u00e0 ripresentato alla ripresa dei lavori, subito dopo la pausa estiva.<div id=\"div-gpt-ad-Messinaoggi.it-DSK-300x250-corpoart\" style=\"text-align:center;margin:0 auto;\"><\/div><\/p>\n<p>A chiarire la linea \u00e8 lo stesso presidente <strong>Renato Schifani<\/strong>:<em> \u201cLa riforma \u00e8 un punto qualificante del mio programma. \u00c8 un intervento strategico, non pi\u00f9 rinviabile, pensato per rafforzare un comparto chiave dell\u2019agricoltura siciliana e garantire una gestione pi\u00f9 efficiente del territorio. Non ci fermeremo\u201d.<\/em><div id=\"videoincontent\" style=\"clear:both\";><\/div><\/p>\n<p>Nel frattempo, prosegue la nota, il governo ha gi\u00e0 inserito misure concrete nel disegno di legge di variazione di bilancio all\u2019esame dell\u2019Assemblea: previsto uno stanziamento di 1,8 milioni di euro per aumentare per il 2025 le giornate lavorative di 573 addetti dei Consorzi. Un impegno che ricalca quanto previsto nel testo della riforma bocciata.<br \/>\n\u201cAndremo avanti \u2013 conclude Schifani \u2013 nel percorso di modernizzazione e nella tutela dei diritti dei lavoratori, mantenendo un confronto costante con le parti sociali\u201d.<\/p>\n<p>\u2013 Foto IPA Agency \u2013<\/p>\n<p>(ITALPRESS)<\/p>\n<\/div>\n","protected":false},"excerpt":{"rendered":"<p>PALERMO (ITALPRESS) \u2013 Il governo regionale non arretra sulla riforma dei Consorzi di bonifica. E\u2019 quanto si legge in una nota della Regione Siciliana, che sottolinea come, dopo lo stop arrivato ieri all\u2019Ars con un voto segreto, Palazzo d\u2019Orl\u00e9ans ha subito rassicurato sindacati e associazioni del mondo agricolo: il provvedimento sar\u00e0 ripresentato alla ripresa dei [&hellip;]<\/p>\n","protected":false},"author":18,"featured_media":246257,"comment_status":"closed","ping_status":"closed","sticky":false,"template":"","format":"standard","meta":{"ub_ctt_via":"","_mi_skip_tracking":false},"categories":[6,2449],"tags":[783],"featured_image_src":"https:\/\/www.messinaoggi.it\/website\/wp-content\/uploads\/2025\/07\/Renato-Schifani-1-1.jpg","author_info":{"display_name":"Admin","author_link":"https:\/\/www.messinaoggi.it\/website\/author\/admin\/"},"digistream_id":0,"digistream":false,"_links":{"self":[{"href":"https:\/\/www.messinaoggi.it\/website\/wp-json\/wp\/v2\/posts\/246256"}],"collection":[{"href":"https:\/\/www.messinaoggi.it\/website\/wp-json\/wp\/v2\/posts"}],"about":[{"href":"https:\/\/www.messinaoggi.it\/website\/wp-json\/wp\/v2\/types\/post"}],"author":[{"embeddable":true,"href":"https:\/\/www.messinaoggi.it\/website\/wp-json\/wp\/v2\/users\/18"}],"replies":[{"embeddable":true,"href":"https:\/\/www.messinaoggi.it\/website\/wp-json\/wp\/v2\/comments?post=246256"}],"version-history":[{"count":1,"href":"https:\/\/www.messinaoggi.it\/website\/wp-json\/wp\/v2\/posts\/246256\/revisions"}],"predecessor-version":[{"id":246270,"href":"https:\/\/www.messinaoggi.it\/website\/wp-json\/wp\/v2\/posts\/246256\/revisions\/246270"}],"wp:featuredmedia":[{"embeddable":true,"href":"https:\/\/www.messinaoggi.it\/website\/wp-json\/wp\/v2\/media\/246257"}],"wp:attachment":[{"href":"https:\/\/www.messinaoggi.it\/website\/wp-json\/wp\/v2\/media?parent=246256"}],"wp:term":[{"taxonomy":"category","embeddable":true,"href":"https:\/\/www.messinaoggi.it\/website\/wp-json\/wp\/v2\/categories?post=246256"},{"taxonomy":"post_tag","embeddable":true,"href":"https:\/\/www.messinaoggi.it\/website\/wp-json\/wp\/v2\/tags?post=246256"}],"curies":[{"name":"wp","href":"https:\/\/api.w.org\/{rel}","templated":true}]}}