{"id":246248,"date":"2025-07-23T15:09:23","date_gmt":"2025-07-23T13:09:23","guid":{"rendered":"https:\/\/www.messinaoggi.it\/website\/2025\/07\/23\/giustizia-nordio-dallopposizione-processo-alle-intenzioni\/"},"modified":"2025-07-23T17:31:57","modified_gmt":"2025-07-23T15:31:57","slug":"giustizia-nordio-dallopposizione-processo-alle-intenzioni","status":"publish","type":"post","link":"https:\/\/www.messinaoggi.it\/website\/2025\/07\/23\/giustizia-nordio-dallopposizione-processo-alle-intenzioni\/","title":{"rendered":"Giustizia, Nordio \u201cDall\u2019opposizione processo alle intenzioni\u201d"},"content":{"rendered":"<div>ROMA (ITALPRESS) &#8211; <em>&#8220;La magistratura mantiene intatte le sue prerogative di autonomia e d&#8217;indipendenza, \u00e8 scritto a chiarissime lettere, che, lo stesso pubblico ministero, seppure adesso diviso dagli organismi giudicanti anche nei due consigli superiori, sar\u00e0 completamente indipendente ed autonomo&#8221;<\/em>. Lo ha detto <strong>Carlo Nordio<\/strong>, ministro della <strong>Giustizia<\/strong> a 24 Mattino su Radio 24<em>. &#8220;Questo processo alle intenzioni di attribuire al Governo la volont\u00e0 di sottoporre un domani &#8211; non si sa quando e come &#8211; il PM all&#8217;esecutivo minando nell&#8217;indipendenza<\/em> &#8211; aggiunge &#8211;<em> \u00e8 davvero incredibile e non pu\u00f2 nemmeno essere contestato! Come si fa a contestare una prospettiva futura ed incerta che \u00e8 esattamente contraria a quella che \u00e8 scritta nella legge? Capisco che l&#8217;opposizione si agiti a prescindere, capisco anche la magistratura perch\u00e8 la realt\u00e0 della riforma pi\u00f9 importante \u00e8 quella del sorteggio del CSM in parte, e la creazione dell&#8217;Alta Corte di Giustizia che depotenzia il potere delle correnti. Ed effettivamente per i magistrati attivisti che hanno costruito o costruiscono la carriera degli altri sull&#8217;appartenenza correntizia questo significa realmente distruggere il giocattolo. Per\u00f2 allo stesso modo liberer\u00e0 tutti gli altri magistrati che non sono associati o non sono appunto vincolati da questa appartenenza. I due Consigli della Magistratura saranno formati in maggioranza da magistrati per\u00f2 questa volta sorteggiati tra magistrati che hanno gi\u00e0 una certa esperienza. Quindi l&#8217;indipendenza della magistratura viene enfatizzata perch\u00e8 la magistratura fino adesso \u00e8 stata molto spesso dipendente da s\u00e8 stessa e dalle sue degenerazioni correntizie come hanno detto decine di magistrati, soprattutto nello scandalo Palamara&#8221;.<\/em><div id=\"div-gpt-ad-Messinaoggi.it-DSK-300x250-corpoart\" style=\"text-align:center;margin:0 auto;\"><\/div><\/p>\n<p>-foto Ipa Agency-<div id=\"videoincontent\" style=\"clear:both\";><\/div><\/p>\n<p>(ITALPRESS).<\/p><\/div>\n","protected":false},"excerpt":{"rendered":"<p>ROMA (ITALPRESS) &#8211; &#8220;La magistratura mantiene intatte le sue prerogative di autonomia e d&#8217;indipendenza, \u00e8 scritto a chiarissime lettere, che, lo stesso pubblico ministero, seppure adesso diviso dagli organismi giudicanti anche nei due consigli superiori, sar\u00e0 completamente indipendente ed autonomo&#8221;. Lo ha detto Carlo Nordio, ministro della Giustizia a 24 Mattino su Radio 24. &#8220;Questo [&hellip;]<\/p>\n","protected":false},"author":18,"featured_media":246249,"comment_status":"closed","ping_status":"closed","sticky":false,"template":"","format":"standard","meta":{"ub_ctt_via":"","_mi_skip_tracking":false},"categories":[446,4],"tags":[783],"featured_image_src":"https:\/\/www.messinaoggi.it\/website\/wp-content\/uploads\/2025\/07\/20250723_0570.jpg","author_info":{"display_name":"Admin","author_link":"https:\/\/www.messinaoggi.it\/website\/author\/admin\/"},"digistream_id":0,"digistream":false,"_links":{"self":[{"href":"https:\/\/www.messinaoggi.it\/website\/wp-json\/wp\/v2\/posts\/246248"}],"collection":[{"href":"https:\/\/www.messinaoggi.it\/website\/wp-json\/wp\/v2\/posts"}],"about":[{"href":"https:\/\/www.messinaoggi.it\/website\/wp-json\/wp\/v2\/types\/post"}],"author":[{"embeddable":true,"href":"https:\/\/www.messinaoggi.it\/website\/wp-json\/wp\/v2\/users\/18"}],"replies":[{"embeddable":true,"href":"https:\/\/www.messinaoggi.it\/website\/wp-json\/wp\/v2\/comments?post=246248"}],"version-history":[{"count":1,"href":"https:\/\/www.messinaoggi.it\/website\/wp-json\/wp\/v2\/posts\/246248\/revisions"}],"predecessor-version":[{"id":246271,"href":"https:\/\/www.messinaoggi.it\/website\/wp-json\/wp\/v2\/posts\/246248\/revisions\/246271"}],"wp:featuredmedia":[{"embeddable":true,"href":"https:\/\/www.messinaoggi.it\/website\/wp-json\/wp\/v2\/media\/246249"}],"wp:attachment":[{"href":"https:\/\/www.messinaoggi.it\/website\/wp-json\/wp\/v2\/media?parent=246248"}],"wp:term":[{"taxonomy":"category","embeddable":true,"href":"https:\/\/www.messinaoggi.it\/website\/wp-json\/wp\/v2\/categories?post=246248"},{"taxonomy":"post_tag","embeddable":true,"href":"https:\/\/www.messinaoggi.it\/website\/wp-json\/wp\/v2\/tags?post=246248"}],"curies":[{"name":"wp","href":"https:\/\/api.w.org\/{rel}","templated":true}]}}