{"id":246199,"date":"2025-07-23T00:09:26","date_gmt":"2025-07-22T22:09:26","guid":{"rendered":"https:\/\/www.messinaoggi.it\/website\/2025\/07\/22\/giustizia-nordio-serve-una-profonda-revisione-del-segreto-istruttorio\/"},"modified":"2025-07-23T10:19:43","modified_gmt":"2025-07-23T08:19:43","slug":"giustizia-nordio-serve-una-profonda-revisione-del-segreto-istruttorio","status":"publish","type":"post","link":"https:\/\/www.messinaoggi.it\/website\/2025\/07\/23\/giustizia-nordio-serve-una-profonda-revisione-del-segreto-istruttorio\/","title":{"rendered":"Giustizia, Nordio \u201cServe una profonda revisione del segreto istruttorio\u201d"},"content":{"rendered":"<div>ROMA (ITALPRESS) &#8211; <em>&#8220;Occorre una profondissima revisione sia del cosiddetto &#8220;segreto istruttorio&#8221;, sia della responsabilit\u00e0 di chi diffonde o lascia che vengano diffuse certe notizie&#8221;<\/em>. Cos\u00ec il ministro della Giustizia, Carlo <strong>Nordio,<\/strong> in conferenza stampa a Palazzo Chigi dopo il Consiglio dei Ministri, rispondendo a una domanda sulle notizie riguardanti l&#8217;inchiesta sull&#8217;urbanistica a Milano.<div id=\"div-gpt-ad-Messinaoggi.it-DSK-300x250-corpoart\" style=\"text-align:center;margin:0 auto;\"><\/div><\/p>\n<p><em>&#8220;E&#8217; una porcheria che si vengano ad apprendere notizie riservate e segrete dalla stampa. La colpa non \u00e8 mai del giornalista, quando viene in possesso della notizia fa il suo lavoro. La colpa \u00e8 di chi le fa trapelare o non vigila abbastanza affinch\u00e8 non vengano diffuse&#8221;,<\/em> ha aggiunto.<div id=\"videoincontent\" style=\"clear:both\";><\/div><\/p>\n<p>&#8211; Foto IPA Agency &#8211;<\/p>\n<p>(ITALPRESS).<\/p><\/div>\n","protected":false},"excerpt":{"rendered":"<p>ROMA (ITALPRESS) &#8211; &#8220;Occorre una profondissima revisione sia del cosiddetto &#8220;segreto istruttorio&#8221;, sia della responsabilit\u00e0 di chi diffonde o lascia che vengano diffuse certe notizie&#8221;. Cos\u00ec il ministro della Giustizia, Carlo Nordio, in conferenza stampa a Palazzo Chigi dopo il Consiglio dei Ministri, rispondendo a una domanda sulle notizie riguardanti l&#8217;inchiesta sull&#8217;urbanistica a Milano. &#8220;E&#8217; [&hellip;]<\/p>\n","protected":false},"author":18,"featured_media":246200,"comment_status":"closed","ping_status":"closed","sticky":false,"template":"","format":"standard","meta":{"ub_ctt_via":"","_mi_skip_tracking":false},"categories":[446,4],"tags":[783],"featured_image_src":"https:\/\/www.messinaoggi.it\/website\/wp-content\/uploads\/2025\/07\/20250722_2699.jpg","author_info":{"display_name":"Admin","author_link":"https:\/\/www.messinaoggi.it\/website\/author\/admin\/"},"digistream_id":0,"digistream":false,"_links":{"self":[{"href":"https:\/\/www.messinaoggi.it\/website\/wp-json\/wp\/v2\/posts\/246199"}],"collection":[{"href":"https:\/\/www.messinaoggi.it\/website\/wp-json\/wp\/v2\/posts"}],"about":[{"href":"https:\/\/www.messinaoggi.it\/website\/wp-json\/wp\/v2\/types\/post"}],"author":[{"embeddable":true,"href":"https:\/\/www.messinaoggi.it\/website\/wp-json\/wp\/v2\/users\/18"}],"replies":[{"embeddable":true,"href":"https:\/\/www.messinaoggi.it\/website\/wp-json\/wp\/v2\/comments?post=246199"}],"version-history":[{"count":1,"href":"https:\/\/www.messinaoggi.it\/website\/wp-json\/wp\/v2\/posts\/246199\/revisions"}],"predecessor-version":[{"id":246213,"href":"https:\/\/www.messinaoggi.it\/website\/wp-json\/wp\/v2\/posts\/246199\/revisions\/246213"}],"wp:featuredmedia":[{"embeddable":true,"href":"https:\/\/www.messinaoggi.it\/website\/wp-json\/wp\/v2\/media\/246200"}],"wp:attachment":[{"href":"https:\/\/www.messinaoggi.it\/website\/wp-json\/wp\/v2\/media?parent=246199"}],"wp:term":[{"taxonomy":"category","embeddable":true,"href":"https:\/\/www.messinaoggi.it\/website\/wp-json\/wp\/v2\/categories?post=246199"},{"taxonomy":"post_tag","embeddable":true,"href":"https:\/\/www.messinaoggi.it\/website\/wp-json\/wp\/v2\/tags?post=246199"}],"curies":[{"name":"wp","href":"https:\/\/api.w.org\/{rel}","templated":true}]}}