{"id":246197,"date":"2025-07-22T22:09:23","date_gmt":"2025-07-22T20:09:23","guid":{"rendered":"https:\/\/www.messinaoggi.it\/website\/2025\/07\/22\/carceri-meloni-dal-governo-piano-per-10-mila-nuovi-posti-nel-2027\/"},"modified":"2025-07-22T22:09:23","modified_gmt":"2025-07-22T20:09:23","slug":"carceri-meloni-dal-governo-piano-per-10-mila-nuovi-posti-nel-2027","status":"publish","type":"post","link":"https:\/\/www.messinaoggi.it\/website\/2025\/07\/22\/carceri-meloni-dal-governo-piano-per-10-mila-nuovi-posti-nel-2027\/","title":{"rendered":"Carceri, Meloni \u201cDal Governo piano per 10 mila nuovi posti nel 2027\u201d"},"content":{"rendered":"<div>ROMA (ITALPRESS) &#8211; Oltre al voto in Senato sulla riforma della giustizia, &#8220;la seconda notizia di oggi riguarda un altro impegno che abbiamo preso con gli italiani, ovvero quello di scrivere un nuovo piano carceri che ci consentisse di ristrutturare e ampliare le strutture esistenti, realizzarne di nuove, valorizzare quegli immobili storici che non sono <br \/>ovvero quello di scrivere un nuovo piano carceri che ci consentisse di ristrutturare e ampliare le strutture esistenti, realizzarne di nuove, valorizzare quegli immobili storici che non sono pi\u00f9 adatti a ospitare un carcere&#8221;. Cos\u00ec in un video sui social il premier Giorgia Meloni.<br \/>&#8220;Oggi in Consiglio dei Ministri abbiamo varato un piano straordinario di interventi che ci far\u00e0 avere con opere in cantiere gi\u00e0 oggi e con il termine dei lavori al 2027 circa diecimila nuovi posti detentivi, con un investimento complessivo di oltre 750 milioni di euro. Stiamo lavorando per aggiungere altri 5.000 posti in modo da colmare l&#8217;intero divario che c&#8217;\u00e8 tra le presenze e i posti disponibili&#8221;, prosegue.<br \/>&#8220;In passato si adeguavano i reati al numero dei posti disponibili nelle carceri. Noi riteniamo, viceversa, che uno Stato giusto debba adeguare la capienza delle carceri al numero di persone che devono scontare una pena. Quindi, finalmente, certezza della pena. Parallelamente continueremo lo sforzo che abbiamo portato avanti finora per coprire i vuoti di organico della polizia penitenziaria. Il nostro obiettivo \u00e8 prevedere mille extra assunzioni gi\u00e0 nella prossima legge di bilancio &#8211; sottolinea il presidente del Consiglio -. Insieme al piano carceri abbiamo approvato un provvedimento molto significativo, e cio\u00e8 un disegno di legge che offre a una persona tossicodipendente che ha commesso reati chiaramente correlati alla droga la possibilit\u00e0 di espiare la pena fino al tetto di otto anni di reclusione in regime di detenzione domiciliare all&#8217;interno di una comunit\u00e0 terapeutica e di iniziare in quella comunit\u00e0 un reale, concreto e verificabile percorso di recupero. Cos\u00ec abbiamo raccolto le richieste delle comunit\u00e0 terapeutiche: fin dal momento dell&#8217;arresto, il tossicodipendente pu\u00f2 scegliere la comunit\u00e0 invece del carcere e in questo modo quella persona recupera se stessa, si eleva complessivamente il livello di sicurezza una volta che viene eliminata anche la molla che conduce a delinquere. Insomma, penso che sia stata una giornata di risposte concrete, di risultati e di impegni che vengono mantenuti, perch\u00e8 questo \u00e8 quello che sappiamo fare meglio: rispettare la parola data e il programma che abbiamo presentato ai cittadini&#8221;.<div id=\"div-gpt-ad-Messinaoggi.it-DSK-300x250-corpoart\" style=\"text-align:center;margin:0 auto;\"><\/div><\/p>\n<p>&#8211; Foto IPA Agency &#8211;<div id=\"videoincontent\" style=\"clear:both\";><\/div><\/p>\n<p>(ITALPRESS).<\/p><\/div>\n","protected":false},"excerpt":{"rendered":"<p>ROMA (ITALPRESS) &#8211; Oltre al voto in Senato sulla riforma della giustizia, &#8220;la seconda notizia di oggi riguarda un altro impegno che abbiamo preso con gli italiani, ovvero quello di scrivere un nuovo piano carceri che ci consentisse di ristrutturare e ampliare le strutture esistenti, realizzarne di nuove, valorizzare quegli immobili storici che non sono [&hellip;]<\/p>\n","protected":false},"author":18,"featured_media":246198,"comment_status":"closed","ping_status":"closed","sticky":false,"template":"","format":"standard","meta":{"ub_ctt_via":"","_mi_skip_tracking":false},"categories":[446],"tags":[783],"featured_image_src":"https:\/\/www.messinaoggi.it\/website\/wp-content\/uploads\/2025\/07\/20250722_2681.jpg","author_info":{"display_name":"Admin","author_link":"https:\/\/www.messinaoggi.it\/website\/author\/admin\/"},"digistream_id":0,"digistream":false,"_links":{"self":[{"href":"https:\/\/www.messinaoggi.it\/website\/wp-json\/wp\/v2\/posts\/246197"}],"collection":[{"href":"https:\/\/www.messinaoggi.it\/website\/wp-json\/wp\/v2\/posts"}],"about":[{"href":"https:\/\/www.messinaoggi.it\/website\/wp-json\/wp\/v2\/types\/post"}],"author":[{"embeddable":true,"href":"https:\/\/www.messinaoggi.it\/website\/wp-json\/wp\/v2\/users\/18"}],"replies":[{"embeddable":true,"href":"https:\/\/www.messinaoggi.it\/website\/wp-json\/wp\/v2\/comments?post=246197"}],"version-history":[{"count":0,"href":"https:\/\/www.messinaoggi.it\/website\/wp-json\/wp\/v2\/posts\/246197\/revisions"}],"wp:featuredmedia":[{"embeddable":true,"href":"https:\/\/www.messinaoggi.it\/website\/wp-json\/wp\/v2\/media\/246198"}],"wp:attachment":[{"href":"https:\/\/www.messinaoggi.it\/website\/wp-json\/wp\/v2\/media?parent=246197"}],"wp:term":[{"taxonomy":"category","embeddable":true,"href":"https:\/\/www.messinaoggi.it\/website\/wp-json\/wp\/v2\/categories?post=246197"},{"taxonomy":"post_tag","embeddable":true,"href":"https:\/\/www.messinaoggi.it\/website\/wp-json\/wp\/v2\/tags?post=246197"}],"curies":[{"name":"wp","href":"https:\/\/api.w.org\/{rel}","templated":true}]}}