{"id":246153,"date":"2025-07-22T16:09:28","date_gmt":"2025-07-22T14:09:28","guid":{"rendered":"https:\/\/www.messinaoggi.it\/website\/2025\/07\/22\/a-venezia-5-italiani-in-gara-da-julia-roberts-a-george-clooney-le-star\/"},"modified":"2025-07-22T16:09:28","modified_gmt":"2025-07-22T14:09:28","slug":"a-venezia-5-italiani-in-gara-da-julia-roberts-a-george-clooney-le-star","status":"publish","type":"post","link":"https:\/\/www.messinaoggi.it\/website\/2025\/07\/22\/a-venezia-5-italiani-in-gara-da-julia-roberts-a-george-clooney-le-star\/","title":{"rendered":"A Venezia 5 italiani in gara. Da Julia Roberts a George Clooney le star"},"content":{"rendered":"<div>VENEZIA (ITALPRESS) &#8211; Sono cinque le pellicole italiane in concorso all&#8217;<strong>82\/a Mostra Internazionale del Cinema di Venezia<\/strong>, in programma dal 27 agosto al 6 settembre. Oltre a<em> La Grazia<\/em> di <strong>Paolo Sorrentino<\/strong>, in apertura del festival, in gara anche <em>Elisa<\/em> di <strong>Leonardo di Costanzo<\/strong>,<em> Duse<\/em> di <strong>Pietro Marcello<\/strong>,<em> Un film fatto per bene<\/em> di <strong>Franco Maresco<\/strong> e <em>Sotto le nuvole<\/em> di <strong>Gianfranco Rosi<\/strong>.<div id=\"div-gpt-ad-Messinaoggi.it-DSK-300x250-corpoart\" style=\"text-align:center;margin:0 auto;\"><\/div><\/p>\n<p>Tra le star pi\u00f9 attese alla Mostra del Cinema di Venezia c&#8217;\u00e8 Julia Roberts che sar\u00e0 al Lido per la prima volta. Ci saranno anche George Clooney, Jude Law, Adam Driver, Cate Blanchett e Charlotte Rampling. Torna Emma Stone diretta da Yorgos Lanthimos in Bugonia.<div id=\"videoincontent\" style=\"clear:both\";><\/div><\/p>\n<p>-foto IPA Agency-<\/p>\n<p>(ITALPRESS)<\/p><\/div>\n","protected":false},"excerpt":{"rendered":"<p>VENEZIA (ITALPRESS) &#8211; Sono cinque le pellicole italiane in concorso all&#8217;82\/a Mostra Internazionale del Cinema di Venezia, in programma dal 27 agosto al 6 settembre. Oltre a La Grazia di Paolo Sorrentino, in apertura del festival, in gara anche Elisa di Leonardo di Costanzo, Duse di Pietro Marcello, Un film fatto per bene di Franco [&hellip;]<\/p>\n","protected":false},"author":18,"featured_media":246154,"comment_status":"closed","ping_status":"closed","sticky":false,"template":"","format":"standard","meta":{"ub_ctt_via":"","_mi_skip_tracking":false},"categories":[446],"tags":[783],"featured_image_src":"https:\/\/www.messinaoggi.it\/website\/wp-content\/uploads\/2025\/07\/20250722_1137.jpg","author_info":{"display_name":"Admin","author_link":"https:\/\/www.messinaoggi.it\/website\/author\/admin\/"},"digistream_id":0,"digistream":false,"_links":{"self":[{"href":"https:\/\/www.messinaoggi.it\/website\/wp-json\/wp\/v2\/posts\/246153"}],"collection":[{"href":"https:\/\/www.messinaoggi.it\/website\/wp-json\/wp\/v2\/posts"}],"about":[{"href":"https:\/\/www.messinaoggi.it\/website\/wp-json\/wp\/v2\/types\/post"}],"author":[{"embeddable":true,"href":"https:\/\/www.messinaoggi.it\/website\/wp-json\/wp\/v2\/users\/18"}],"replies":[{"embeddable":true,"href":"https:\/\/www.messinaoggi.it\/website\/wp-json\/wp\/v2\/comments?post=246153"}],"version-history":[{"count":0,"href":"https:\/\/www.messinaoggi.it\/website\/wp-json\/wp\/v2\/posts\/246153\/revisions"}],"wp:featuredmedia":[{"embeddable":true,"href":"https:\/\/www.messinaoggi.it\/website\/wp-json\/wp\/v2\/media\/246154"}],"wp:attachment":[{"href":"https:\/\/www.messinaoggi.it\/website\/wp-json\/wp\/v2\/media?parent=246153"}],"wp:term":[{"taxonomy":"category","embeddable":true,"href":"https:\/\/www.messinaoggi.it\/website\/wp-json\/wp\/v2\/categories?post=246153"},{"taxonomy":"post_tag","embeddable":true,"href":"https:\/\/www.messinaoggi.it\/website\/wp-json\/wp\/v2\/tags?post=246153"}],"curies":[{"name":"wp","href":"https:\/\/api.w.org\/{rel}","templated":true}]}}