{"id":246149,"date":"2025-07-22T16:09:23","date_gmt":"2025-07-22T14:09:23","guid":{"rendered":"https:\/\/www.messinaoggi.it\/website\/2025\/07\/22\/svelato-il-poster-del-gp-italia-la-russa-a-monza-nascono-magie\/"},"modified":"2025-07-22T16:09:23","modified_gmt":"2025-07-22T14:09:23","slug":"svelato-il-poster-del-gp-italia-la-russa-a-monza-nascono-magie","status":"publish","type":"post","link":"https:\/\/www.messinaoggi.it\/website\/2025\/07\/22\/svelato-il-poster-del-gp-italia-la-russa-a-monza-nascono-magie\/","title":{"rendered":"Svelato il poster del Gp Italia, La Russa \u201cA Monza nascono magie\u201d"},"content":{"rendered":"<div>ROMA (ITALPRESS) &#8211; <strong>Monza scalda i motori.<\/strong> Si avvicina a grandi passi l&#8217;appuntamento con il <strong>Gran Premio d&#8217;Italia di Formula 1,<\/strong> in programma nel weekend tra il <strong>5 e il 7 settembre prossimi.<\/strong> In attesa della presentazione ufficiale dell&#8217;evento, fissata il 2 settembre a Monza, <strong>quest&#8217;oggi, presso la sede dell&#8217;Aci a Roma, \u00e8 stato svelato il poster di promozione del GP d&#8217;Italia<\/strong>.<div id=\"div-gpt-ad-Messinaoggi.it-DSK-300x250-corpoart\" style=\"text-align:center;margin:0 auto;\"><\/div><\/p>\n<p>Presenti le tre auto che <em>&#8220;rappresentano la F1 di quest&#8217;anno&#8221;,<\/em> spiega il<strong> generale Tullio Del Sette, commissario straordinario dell&#8217;Aci, ovvero Ferrari, McLaren e Mercedes<\/strong>, attraversate da un vortice tricolore su cui spicca la scritta &#8220;The temple of speed&#8221; (&#8220;Il tempio della velocit\u00e0&#8221;).<div id=\"videoincontent\" style=\"clear:both\";><\/div><\/p>\n<p>A prendere la parola \u00e8 poi il <strong>presidente eletto dell&#8217;Aci, ancora in attesa dell&#8217;insediamento, Geronimo La Russa:<\/strong> &#8220;<em>Monza per me \u00e8 casa, per me e per gli appassionati \u00e8 sempre un tempio dove nascono magie e dove il motorsport italiano ha saputo diventare protagonista nel mondo<\/em> &#8211; le sue parole -.<em> Ogni anno vengono creati poster, manifesti, pezzi d&#8217;arte che tramandano una storia prestigiosa. Perch\u00e8 la Formula 1 \u00e8 questo: \u00e8 storia, e nessuno come Monza pu\u00f2 vantare una storia cos\u00ec gloriosa, ma anche tecnologia, futuro, innovazione e sperimentazione&#8221;.<br \/>\n<\/em><br \/>\nA Monza si prospetta un evento a tutto tondo: &#8220;<em>Tra le iniziative, oltre alla riproposizione di quella dello scorso anno, &#8216;ogni pilota un alber\u00f2, avremo un punto nel quale sar\u00e0 possibile fare prevenzione cardiovascolare e uno per la donazione del sangue &#8211; racconta ancora Del Sette -. Sulla pista, prima della gara, ci saranno alcune esibizioni, tra cui quella dei paracadutisti delle forze militari italiane, della pattuglia acrobatica dell&#8217;aeronautica militare e della banda dei carabinieri per suonare l&#8217;inno. Quindi non solo sport, ma anche sostenibilit\u00e0, solidariet\u00e0 e italianit\u00e0&#8221;.<\/em><\/p>\n<p>Presente anch<strong>e Giovanni Battista Tombolato, sub commissario straordinario dell&#8217;Aci,<\/strong> che si augura <em>&#8220;un&#8217;edizione da record per presenza di pubblico. Da appassionato \u00e8 un&#8217;emozione essere qua e aver collaborato a creare il simbolo del tempio della velocit\u00e0&#8221;.<\/em> Nel corso della conferenza si \u00e8 parlato anche dei lavori di ristrutturazione dell&#8217;anello alta velocit\u00e0: &#8220;<em>Monza \u00e8 il top, qualcosa di sacro, soprattutto quando a piedi o in bicicletta si percorre l&#8217;anello. L\u00ec c&#8217;\u00e8 qualcosa di mistico. Abbiamo pensato di creare un tavolo per recuperare quel pezzo di storia&#8221;.<br \/>\n<\/em><br \/>\n&#8211; Foto Spf\/Italpress &#8211;<br \/>\n(ITALPRESS).<\/div>\n","protected":false},"excerpt":{"rendered":"<p>ROMA (ITALPRESS) &#8211; Monza scalda i motori. Si avvicina a grandi passi l&#8217;appuntamento con il Gran Premio d&#8217;Italia di Formula 1, in programma nel weekend tra il 5 e il 7 settembre prossimi. In attesa della presentazione ufficiale dell&#8217;evento, fissata il 2 settembre a Monza, quest&#8217;oggi, presso la sede dell&#8217;Aci a Roma, \u00e8 stato svelato [&hellip;]<\/p>\n","protected":false},"author":18,"featured_media":246150,"comment_status":"closed","ping_status":"closed","sticky":false,"template":"","format":"standard","meta":{"ub_ctt_via":"","_mi_skip_tracking":false},"categories":[446],"tags":[783],"featured_image_src":"https:\/\/www.messinaoggi.it\/website\/wp-content\/uploads\/2025\/07\/20250722_0836.jpg","author_info":{"display_name":"Admin","author_link":"https:\/\/www.messinaoggi.it\/website\/author\/admin\/"},"digistream_id":0,"digistream":false,"_links":{"self":[{"href":"https:\/\/www.messinaoggi.it\/website\/wp-json\/wp\/v2\/posts\/246149"}],"collection":[{"href":"https:\/\/www.messinaoggi.it\/website\/wp-json\/wp\/v2\/posts"}],"about":[{"href":"https:\/\/www.messinaoggi.it\/website\/wp-json\/wp\/v2\/types\/post"}],"author":[{"embeddable":true,"href":"https:\/\/www.messinaoggi.it\/website\/wp-json\/wp\/v2\/users\/18"}],"replies":[{"embeddable":true,"href":"https:\/\/www.messinaoggi.it\/website\/wp-json\/wp\/v2\/comments?post=246149"}],"version-history":[{"count":0,"href":"https:\/\/www.messinaoggi.it\/website\/wp-json\/wp\/v2\/posts\/246149\/revisions"}],"wp:featuredmedia":[{"embeddable":true,"href":"https:\/\/www.messinaoggi.it\/website\/wp-json\/wp\/v2\/media\/246150"}],"wp:attachment":[{"href":"https:\/\/www.messinaoggi.it\/website\/wp-json\/wp\/v2\/media?parent=246149"}],"wp:term":[{"taxonomy":"category","embeddable":true,"href":"https:\/\/www.messinaoggi.it\/website\/wp-json\/wp\/v2\/categories?post=246149"},{"taxonomy":"post_tag","embeddable":true,"href":"https:\/\/www.messinaoggi.it\/website\/wp-json\/wp\/v2\/tags?post=246149"}],"curies":[{"name":"wp","href":"https:\/\/api.w.org\/{rel}","templated":true}]}}