{"id":246135,"date":"2025-07-22T12:04:27","date_gmt":"2025-07-22T10:04:27","guid":{"rendered":"https:\/\/www.messinaoggi.it\/website\/2025\/07\/22\/ron-e-i-premi-della-stella-maris-chiudono-il-marettimo-italian-film-fest\/"},"modified":"2025-07-22T16:54:55","modified_gmt":"2025-07-22T14:54:55","slug":"ron-e-i-premi-della-stella-maris-chiudono-il-marettimo-italian-film-fest","status":"publish","type":"post","link":"https:\/\/www.messinaoggi.it\/website\/2025\/07\/22\/ron-e-i-premi-della-stella-maris-chiudono-il-marettimo-italian-film-fest\/","title":{"rendered":"Ron e i premi della Stella Maris chiudono il Marettimo Italian Film Fest"},"content":{"rendered":"<div>\n<p>ROMA (ITALPRESS) \u2013 Le note musicali e la voce intensa di Ron \u2013 Rosalino Cellamare \u2013 hanno chiuso la sesta edizione del <strong>Marettimo Italian Film Fest<\/strong>, trasformando l\u2019isola in una vera e propria \u201cIsola per cantare\u201d. La serata finale, condotta da Pierluigi Diaco, \u00e8 stata dedicata alla cerimonia di consegna dei prestigiosi premi \u201cStella Maris\u201d, riconoscimenti che celebrano il talento e la personalit\u00e0 di artisti amati dal pubblico.<div id=\"div-gpt-ad-Messinaoggi.it-DSK-300x250-corpoart\" style=\"text-align:center;margin:0 auto;\"><\/div><\/p>\n<p>A riceverli sono stati Claudia Gerini (Premio alla Carriera), Vanessa Gravina (Premio \u201cEleganza\u201d), Massimiliano Gallo (Premio \u201cTv, Teatro e Cinema\u201d), Matteo Martari (Premio \u201cDeterminazione\u201d) e Antonio Catania (Premio \u201cAutenticit\u00e0 Mediterranea\u201d). Sono stati poi consegnati riconoscimenti simbolici a realt\u00e0 che rappresentano l\u2019eccellenza italiana: la Nave Vespucci, rappresentata a Marettimo dal Comandante in seconda Tommaso Faraldo, reduce dal giro del mondo; Poste Italiane, nelle mani del dirigente di Trapani Fabio Piazza; e il Centro di Soccorso Elicotteristi di stanza a Trapani Birgi, giunto sull\u2019isola con una folta rappresentanza insieme al Comandante Nicol\u00f2 Nicolosi.<div id=\"videoincontent\" style=\"clear:both\";><\/div><\/p>\n<p>Ospite a sorpresa, Paolo Del Brocco, Amministratore Delegato di Rai Cinema, che ha voluto portare il suo pieno sostegno all\u2019iniziativa, riconoscendone il valore simbolico e culturale, portando il cinema in una piccola isola lontana, dove il cinema non c\u2019\u00e8. Durante i sei giorni di festival, iniziato luned\u00ec 14 luglio, sono giunti a Marettimo volti noti e personalit\u00e0 di rilievo: da Nancy Brilli a Licia Col\u00f2, da Gabriella Buontempo e Federica Lucisano, produttrici e talent scout, fino ai dirigenti del Ministero dell\u2019Ambiente e della Sicurezza Energetica, che hanno dato sostegno all\u2019iniziativa, mettendo sotto una nuova luce l\u2019isola di Marettimo, che porter\u00e0 l\u2019attenzione sulle necessit\u00e0 reali di una piccola comunit\u00e0 al confine del mare.<\/p>\n<p>Splendidi i film della stagione 2024\/2025 proiettati ogni sera sotto le stelle: \u201cNapoli\/New York\u201d, capolavoro firmato da Gabriele Salvatores; la versione restaurata del cult \u201cSapore di Mare\u201d come omaggio alla commedia italiana dei fratelli Vanzina; \u201cAfrodite\u201d, diretto da Stefano Lorenzi e girato proprio nelle acque cristalline delle Egadi; \u201cL\u2019Abbaglio\u201d di Roberto And\u00f2, che ha riportato sullo schermo un capitolo cruciale della storia siciliana, e infine \u201cIo e te dobbiamo parlare\u201d di Alessandro Siani, che ha regalato risate e leggerezza al pubblico nelle serate.Tra proiezioni, spettacoli e talk show, il grande evento estivo di Marettimo si \u00e8 svolto sotto la guida esperta e affiatata di un \u201cequipaggio\u201d ormai consolidato: la cantante Rita Forte, Gabriella Carlucci, i volti TV Pierluigi Diaco e Alessio Orsingher, e lo storico e scrittore di fama internazionale Giordano Bruno Guerri, che hanno animato i pomeriggi e le serate con dialoghi appassionati, contenuti di qualit\u00e0 e un forte legame con il pubblico.<\/p>\n<p>\u2013 Foto Ufficio stampa Marettimo Italian Film Fest \u2013<\/p>\n<p>(ITALPRESS)<\/p>\n<\/div>\n","protected":false},"excerpt":{"rendered":"<p>ROMA (ITALPRESS) \u2013 Le note musicali e la voce intensa di Ron \u2013 Rosalino Cellamare \u2013 hanno chiuso la sesta edizione del Marettimo Italian Film Fest, trasformando l\u2019isola in una vera e propria \u201cIsola per cantare\u201d. La serata finale, condotta da Pierluigi Diaco, \u00e8 stata dedicata alla cerimonia di consegna dei prestigiosi premi \u201cStella Maris\u201d, [&hellip;]<\/p>\n","protected":false},"author":18,"featured_media":246136,"comment_status":"closed","ping_status":"closed","sticky":false,"template":"","format":"standard","meta":{"ub_ctt_via":"","_mi_skip_tracking":false},"categories":[2449,17],"tags":[783],"featured_image_src":"https:\/\/www.messinaoggi.it\/website\/wp-content\/uploads\/2025\/07\/uff.-stampa-Marettimo-Italian-Film-Fest.jpg","author_info":{"display_name":"Admin","author_link":"https:\/\/www.messinaoggi.it\/website\/author\/admin\/"},"digistream_id":0,"digistream":false,"_links":{"self":[{"href":"https:\/\/www.messinaoggi.it\/website\/wp-json\/wp\/v2\/posts\/246135"}],"collection":[{"href":"https:\/\/www.messinaoggi.it\/website\/wp-json\/wp\/v2\/posts"}],"about":[{"href":"https:\/\/www.messinaoggi.it\/website\/wp-json\/wp\/v2\/types\/post"}],"author":[{"embeddable":true,"href":"https:\/\/www.messinaoggi.it\/website\/wp-json\/wp\/v2\/users\/18"}],"replies":[{"embeddable":true,"href":"https:\/\/www.messinaoggi.it\/website\/wp-json\/wp\/v2\/comments?post=246135"}],"version-history":[{"count":1,"href":"https:\/\/www.messinaoggi.it\/website\/wp-json\/wp\/v2\/posts\/246135\/revisions"}],"predecessor-version":[{"id":246156,"href":"https:\/\/www.messinaoggi.it\/website\/wp-json\/wp\/v2\/posts\/246135\/revisions\/246156"}],"wp:featuredmedia":[{"embeddable":true,"href":"https:\/\/www.messinaoggi.it\/website\/wp-json\/wp\/v2\/media\/246136"}],"wp:attachment":[{"href":"https:\/\/www.messinaoggi.it\/website\/wp-json\/wp\/v2\/media?parent=246135"}],"wp:term":[{"taxonomy":"category","embeddable":true,"href":"https:\/\/www.messinaoggi.it\/website\/wp-json\/wp\/v2\/categories?post=246135"},{"taxonomy":"post_tag","embeddable":true,"href":"https:\/\/www.messinaoggi.it\/website\/wp-json\/wp\/v2\/tags?post=246135"}],"curies":[{"name":"wp","href":"https:\/\/api.w.org\/{rel}","templated":true}]}}