{"id":246133,"date":"2025-07-22T12:04:26","date_gmt":"2025-07-22T10:04:26","guid":{"rendered":"https:\/\/www.messinaoggi.it\/website\/2025\/07\/22\/confcommercio-professioni-palermo-palmigiano-la-citta-non-puo-rinunciare-alla-sicurezza\/"},"modified":"2025-07-22T12:04:26","modified_gmt":"2025-07-22T10:04:26","slug":"confcommercio-professioni-palermo-palmigiano-la-citta-non-puo-rinunciare-alla-sicurezza","status":"publish","type":"post","link":"https:\/\/www.messinaoggi.it\/website\/2025\/07\/22\/confcommercio-professioni-palermo-palmigiano-la-citta-non-puo-rinunciare-alla-sicurezza\/","title":{"rendered":"Confcommercio Professioni Palermo, Palmigiano \u201cLa citt\u00e0 non pu\u00f2 rinunciare alla sicurezza\u201d"},"content":{"rendered":"<div>\n<p>PALERMO (ITALPRESS) \u2013 <strong>Confcommercio Professioni Palermo<\/strong>, l\u2019associazione che unisce le professioni ordinistiche della citt\u00e0, esprime profonda preoccupazione per l\u2019escalation di episodi di violenza e microcriminalit\u00e0 che coinvolgono cittadini e turisti nella nostra citt\u00e0.<div id=\"div-gpt-ad-Messinaoggi.it-DSK-300x250-corpoart\" style=\"text-align:center;margin:0 auto;\"><\/div><\/p>\n<p><em>\u201cPalermo<\/em> \u2013 si legge nella nota \u2013 <em>sta vivendo una stagione di straordinaria vitalit\u00e0 culturale e attrattivit\u00e0 turistica, frutto di un lungo e faticoso percorso di valorizzazione del patrimonio storico, artistico e umano che ci caratterizza. Questa immagine positiva, costruita nel tempo grazie all\u2019impegno di istituzioni, imprese, professionisti e cittadini, rischia oggi di essere compromessa da una percezione crescente di insicurezza. Gli episodi di aggressioni e furti, sempre pi\u00f9 frequenti, non possono essere considerati semplici fatti isolati ma sono segnali allarmanti per i quali, gi\u00e0 da molti mesi, Confcommercio Palermo con la sua presidente Patrizia Di Dio sollecita risposte concrete e immediate per garantire un\u2019effettiva tutela della sicurezza pubblica\u201d.<\/em><div id=\"videoincontent\" style=\"clear:both\";><\/div><\/p>\n<p><em>\u201cSiamo consapevoli che ogni attacco alla sicurezza e all\u2019immagine della citt\u00e0 ha effetti diretti e indiretti sull\u2019intero sistema economico e sociale<\/em> \u2013 dice il presidente di Confcommercio Professioni, <strong>Alessandro Palmigiano<\/strong> -.<em> Il turismo rappresenta una risorsa fondamentale non solo per le attivit\u00e0 ricettive e commerciali ma anche per le professioni che operano nel settore immobiliare, legale, tecnico e culturale, e che spesso traggono impulso proprio dai nuovi investimenti e dalla vivacit\u00e0 del tessuto urbano legato alla presenza di visitatori\u201d. <\/em><\/p>\n<p><em>\u201cConfcommercio Professioni<\/em> \u2013 conclude <strong>Palmigiano<\/strong> \u2013 <em>auspica un\u2019alleanza civica che coinvolga tutti, istituzioni, cittadini, imprenditori, associazioni, per riaffermare l\u2019identit\u00e0 di Palermo come citt\u00e0 ospitale, accogliente e sicura. Nessun processo di crescita pu\u00f2 realizzarsi dove manca la fiducia e il senso di protezione\u201d.<\/em><\/p>\n<p>\u2013 Foto Ufficio stampa Confcommercio Professioni \u2013<\/p>\n<p>(ITALPRESS)<\/p>\n<\/div>\n","protected":false},"excerpt":{"rendered":"<p>PALERMO (ITALPRESS) \u2013 Confcommercio Professioni Palermo, l\u2019associazione che unisce le professioni ordinistiche della citt\u00e0, esprime profonda preoccupazione per l\u2019escalation di episodi di violenza e microcriminalit\u00e0 che coinvolgono cittadini e turisti nella nostra citt\u00e0. \u201cPalermo \u2013 si legge nella nota \u2013 sta vivendo una stagione di straordinaria vitalit\u00e0 culturale e attrattivit\u00e0 turistica, frutto di un lungo [&hellip;]<\/p>\n","protected":false},"author":18,"featured_media":246134,"comment_status":"closed","ping_status":"closed","sticky":false,"template":"","format":"standard","meta":{"ub_ctt_via":"","_mi_skip_tracking":false},"categories":[2449],"tags":[783],"featured_image_src":"https:\/\/www.messinaoggi.it\/website\/wp-content\/uploads\/2025\/07\/palmigiano-confcommercio-professioni-e1753173366667.jpg","author_info":{"display_name":"Admin","author_link":"https:\/\/www.messinaoggi.it\/website\/author\/admin\/"},"digistream_id":0,"digistream":false,"_links":{"self":[{"href":"https:\/\/www.messinaoggi.it\/website\/wp-json\/wp\/v2\/posts\/246133"}],"collection":[{"href":"https:\/\/www.messinaoggi.it\/website\/wp-json\/wp\/v2\/posts"}],"about":[{"href":"https:\/\/www.messinaoggi.it\/website\/wp-json\/wp\/v2\/types\/post"}],"author":[{"embeddable":true,"href":"https:\/\/www.messinaoggi.it\/website\/wp-json\/wp\/v2\/users\/18"}],"replies":[{"embeddable":true,"href":"https:\/\/www.messinaoggi.it\/website\/wp-json\/wp\/v2\/comments?post=246133"}],"version-history":[{"count":0,"href":"https:\/\/www.messinaoggi.it\/website\/wp-json\/wp\/v2\/posts\/246133\/revisions"}],"wp:featuredmedia":[{"embeddable":true,"href":"https:\/\/www.messinaoggi.it\/website\/wp-json\/wp\/v2\/media\/246134"}],"wp:attachment":[{"href":"https:\/\/www.messinaoggi.it\/website\/wp-json\/wp\/v2\/media?parent=246133"}],"wp:term":[{"taxonomy":"category","embeddable":true,"href":"https:\/\/www.messinaoggi.it\/website\/wp-json\/wp\/v2\/categories?post=246133"},{"taxonomy":"post_tag","embeddable":true,"href":"https:\/\/www.messinaoggi.it\/website\/wp-json\/wp\/v2\/tags?post=246133"}],"curies":[{"name":"wp","href":"https:\/\/api.w.org\/{rel}","templated":true}]}}