{"id":246105,"date":"2025-07-22T00:04:24","date_gmt":"2025-07-21T22:04:24","guid":{"rendered":"https:\/\/www.messinaoggi.it\/website\/2025\/07\/21\/tajani-annuncia-una-nuova-sede-sace-a-catania-schifani-grazie-per-lattenzione-verso-la-sicilia\/"},"modified":"2025-07-22T09:55:52","modified_gmt":"2025-07-22T07:55:52","slug":"tajani-annuncia-una-nuova-sede-sace-a-catania-schifani-grazie-per-lattenzione-verso-la-sicilia","status":"publish","type":"post","link":"https:\/\/www.messinaoggi.it\/website\/2025\/07\/22\/tajani-annuncia-una-nuova-sede-sace-a-catania-schifani-grazie-per-lattenzione-verso-la-sicilia\/","title":{"rendered":"Tajani annuncia una nuova sede SACE a Catania. Schifani \u201cGrazie per l\u2019attenzione verso la Sicilia\u201d"},"content":{"rendered":"<div>\n<p>ROMA (ITALPRESS) \u2013 Il Ministro degli Affari Esteri e della Cooperazione Internazionale, Antonio <strong>Tajani,<\/strong> ha presieduto oggi a Palazzo Chigi una riunione dedicata alla <strong>crescita dell\u2019export della Regione Sicilia<\/strong>. All\u2019incontro erano presenti esponenti del gruppo <strong>SACE,<\/strong> SIMEST, ICE, con il Presidente della Regione Sicilia, Renato <strong>Schifani,<\/strong> e una delegazione dell\u2019amministrazione regionale. Al centro dell\u2019incontro il tema dei dazi e le modalit\u00e0 per sostenere la promozione dell\u2019export e l\u2019internazionalizzazione delle imprese della Sicilia.<div id=\"div-gpt-ad-Messinaoggi.it-DSK-300x250-corpoart\" style=\"text-align:center;margin:0 auto;\"><\/div><\/p>\n<p>In prima battuta, si legge in in una nota, il Ministro Tajani ha confermato il pieno impegno del Governo nel sostenere l\u2019azione del Commissario UE Sefcovic per arrivare a un accordo sui dazi con gli Stati Uniti entro l\u20191 agosto. Tajani ha quindi illustrato i contenuti del Piano d\u2019Azione per l\u2019Export nei mercati extra-UE, messo a punto dalla Farnesina. Sono cos\u00ec state passate in rassegna le opportunit\u00e0 offerte dai mercati ad alto potenziale in Asia, Africa ed America Latina, assicurando il pieno sostegno delle Ambasciate e della rete diplomatica per accompagnare le imprese. Tajani, sottolinea la nota, ha orientato da tempo il Sistema Italia ad agire su nuovi mercati, anche con il \u201cPiano Export\u201d del Ministero.<div id=\"videoincontent\" style=\"clear:both\";><\/div><\/p>\n<p>Il Ministro e il Presidente della Regione, prosegue la nota, hanno quindi concordato di istituire una Task Force di alto livello tra Ministero e Regione con lo scopo di rafforzare l\u2019export della Sicilia e di internazionalizzare le sue imprese, rendendo pi\u00f9 operativi e diretti i contatti fra le aziende e le varie Ambasciate nei mercati di interesse. A supporto di questo programma, il Presidente Schifani si \u00e8 impegnato a destinare specifiche risorse economiche gi\u00e0 nella prossima variazione di bilancio, a conferma della volont\u00e0 di puntare con decisione sull\u2019apertura internazionale del sistema produttivo siciliano. Il Ministro Tajani ha infine confermato che la SACE, la Societ\u00e0 Assicuratrice Pubblica per l\u2019Export, aprir\u00e0 un secondo ufficio regionale a Catania dopo quello di Palermo.<\/p>\n<h3><strong>LE PAROLE DI SCHIFANI<\/strong><\/h3>\n<p>Il presidente della Regione Siciliana, Renato <strong>Schifani,<\/strong> esprime soddisfazione per l\u2019esito dell\u2019incontro di stamattina a Palazzo Chigi con il vicepresidente del Consiglio dei ministri Antonio Tajani sul tema dell\u2019internazionalizzazione delle imprese siciliane. <em>\u201cDesidero rivolgere<\/em> \u2013 dice \u2013 <em>un sentito ringraziamento al ministro Tajani per la sensibilit\u00e0 istituzionale e la costante attenzione dimostrata verso il Mezzogiorno, in particolare verso la nostra regione. La sua presenza \u00e8 un segnale forte che rafforza il percorso intrapreso a sostegno delle imprese siciliane nei mercati esteri. Il mio governo crede fermamente nell\u2019azione della task force per l\u2019internazionalizzazione e intende sostenerla con strumenti concreti. Per questo, mi impegno affinch\u00e9 siano stanziate adeguate risorse finanziarie gi\u00e0 nella prossima legge di variazione di bilancio, cos\u00ec da garantire continuit\u00e0 e operativit\u00e0 a un\u2019iniziativa che potr\u00e0 offrire nuove opportunit\u00e0 al tessuto produttivo siciliano\u201d.<\/em><\/p>\n<p>\u2013 foto ufficio stampa Regione Siciliana \u2013<\/p>\n<p>(ITALPRESS).<\/p>\n<\/div>\n","protected":false},"excerpt":{"rendered":"<p>ROMA (ITALPRESS) \u2013 Il Ministro degli Affari Esteri e della Cooperazione Internazionale, Antonio Tajani, ha presieduto oggi a Palazzo Chigi una riunione dedicata alla crescita dell\u2019export della Regione Sicilia. All\u2019incontro erano presenti esponenti del gruppo SACE, SIMEST, ICE, con il Presidente della Regione Sicilia, Renato Schifani, e una delegazione dell\u2019amministrazione regionale. Al centro dell\u2019incontro il [&hellip;]<\/p>\n","protected":false},"author":18,"featured_media":246106,"comment_status":"closed","ping_status":"closed","sticky":false,"template":"","format":"standard","meta":{"ub_ctt_via":"","_mi_skip_tracking":false},"categories":[11,2449],"tags":[783],"featured_image_src":"https:\/\/www.messinaoggi.it\/website\/wp-content\/uploads\/2025\/07\/Tajani-Schifani.jpg","author_info":{"display_name":"Admin","author_link":"https:\/\/www.messinaoggi.it\/website\/author\/admin\/"},"digistream_id":0,"digistream":false,"_links":{"self":[{"href":"https:\/\/www.messinaoggi.it\/website\/wp-json\/wp\/v2\/posts\/246105"}],"collection":[{"href":"https:\/\/www.messinaoggi.it\/website\/wp-json\/wp\/v2\/posts"}],"about":[{"href":"https:\/\/www.messinaoggi.it\/website\/wp-json\/wp\/v2\/types\/post"}],"author":[{"embeddable":true,"href":"https:\/\/www.messinaoggi.it\/website\/wp-json\/wp\/v2\/users\/18"}],"replies":[{"embeddable":true,"href":"https:\/\/www.messinaoggi.it\/website\/wp-json\/wp\/v2\/comments?post=246105"}],"version-history":[{"count":1,"href":"https:\/\/www.messinaoggi.it\/website\/wp-json\/wp\/v2\/posts\/246105\/revisions"}],"predecessor-version":[{"id":246116,"href":"https:\/\/www.messinaoggi.it\/website\/wp-json\/wp\/v2\/posts\/246105\/revisions\/246116"}],"wp:featuredmedia":[{"embeddable":true,"href":"https:\/\/www.messinaoggi.it\/website\/wp-json\/wp\/v2\/media\/246106"}],"wp:attachment":[{"href":"https:\/\/www.messinaoggi.it\/website\/wp-json\/wp\/v2\/media?parent=246105"}],"wp:term":[{"taxonomy":"category","embeddable":true,"href":"https:\/\/www.messinaoggi.it\/website\/wp-json\/wp\/v2\/categories?post=246105"},{"taxonomy":"post_tag","embeddable":true,"href":"https:\/\/www.messinaoggi.it\/website\/wp-json\/wp\/v2\/tags?post=246105"}],"curies":[{"name":"wp","href":"https:\/\/api.w.org\/{rel}","templated":true}]}}