{"id":246075,"date":"2025-07-21T19:09:24","date_gmt":"2025-07-21T17:09:24","guid":{"rendered":"https:\/\/www.messinaoggi.it\/website\/2025\/07\/21\/a-viterbo-il-28-settembre-la-prima-half-marathon-citta-dei-papi\/"},"modified":"2025-07-21T19:09:24","modified_gmt":"2025-07-21T17:09:24","slug":"a-viterbo-il-28-settembre-la-prima-half-marathon-citta-dei-papi","status":"publish","type":"post","link":"https:\/\/www.messinaoggi.it\/website\/2025\/07\/21\/a-viterbo-il-28-settembre-la-prima-half-marathon-citta-dei-papi\/","title":{"rendered":"A Viterbo il 28 settembre la prima Half Marathon-Citt\u00e0 dei Papi"},"content":{"rendered":"<div>VITERBO (ITALPRESS) &#8211; Una mezza maratona che va oltre la strada, all&#8217;insegna dei grandi obiettivi comunitari quali il contrasto alla sedentariet\u00e0, la prevenzione sanitaria, la coesione sociale, la cittadinanza attiva e lo sviluppo sostenibile. Il 28 settembre prossimo si terr\u00e0 la prima edizione della &#8220;Viterbo Half Marathon-Citt\u00e0 dei Papi&#8221;, che nasce nell&#8217;ambito della Settimana Europea dello Sport 2025 (23-30 settembre), iniziativa lanciata dalla Commissione Europea dal 2015 per promuovere l&#8217;attivit\u00e0 fisica e uno stile di vita salutare in tutta l&#8217;Unione. Il progetto &#8211; promosso dal Parlamento e dalla Commissione UE e da Opes, con il patrocinio del Comune di Viterbo &#8211; \u00e8 stato illustrato a Palazzo dei Priori, in Sala Consiliare. Presenti Chiara Frontini, sindaca di Viterbo; Juri Morico, presidente Nazionale OPES e membro della Giunta Coni; Antonella Sberna, vicepresidente del Parlamento Europeo; Giuseppe Andreana, presidente regionale Cip Lazio; e Andrea Ruggeri, vicepresidente vicario Coni Lazio. La mezza maratona, gratuita per tutti i partecipanti, coprir\u00e0 un percorso tra i quartieri di Viterbo, con partenza da Via Guglielmo Marconi e arrivo in Piazza San Lorenzo (Palazzo dei Papi). Oltre alla competizione principale sono previsti percorsi inclusivi e non competitivi per famiglie, bambini, anziani e persone con disabilit\u00e0 ma anche accoglienza, assistenza e sicurezza per atleti e pubblico grazie al supporto di volontari, protezione civile, forze dell&#8217;ordine. Nel centro della citt\u00e0, dal 26 al 28 settembre, sar\u00e0 allestito il Villaggio dello Sport per quella che sar\u00e0 una manifestazione polifunzionale, ispirata ai principi della Settimana Europea dello Sport, che propone la presenza di stand, attivit\u00e0 ludico-sportive e convegni. Tra questi, presso la Sala Regia del Comune di Viterbo, avr\u00e0 luogo l&#8217;incontro pubblico rivolto a cittadini e giovani delle scuole &#8220;Facciamo Sport per l&#8217;inclusione&#8221;, con la partecipazione della stessa Antonella Sberna, i parlamentari europei, i rappresentanti istituzionali del territorio e le realt\u00e0 co-organizzatrici dell&#8217;iniziativa. &#8220;Anche Viterbo ha la sua mezza maratona. La HalfMarathon-Citt\u00e0 dei Papi fa segnare un passo importante verso una citt\u00e0 che si modernizza, cresce, si fa conoscere &#8211; ha sottolineato la sindaca Chiara Frontini &#8211; Un evento che racchiude gi\u00e0 nel nome un importante riferimento alla nostra identit\u00e0 e alla nostra storia. Un&#8217;iniziativa che rappresenta un momento importante per la nostra citt\u00e0, nell&#8217;ambito della Settimana Europea dello Sport, un&#8217;occasione per rafforzare il senso di comunit\u00e0 e mettere in luce le eccellenze del nostro territorio, invitando e coinvolgendo atleti, giovani e cittadini a condividere un&#8217;esperienza di sport, salute e valore sociale&#8221;. Morico, che ha portato anche i saluti del presidente del Coni Luciano Buonfiglio, ha evidenziato come &#8220;questa collaborazione di Opes con le istituzioni europee (Parlamento e Commissione) e il Comune di Viterbo vada ad arricchire in maniera significativa il palinsesto della Settimana Europea dello Sport, consentendo a cittadini e amatori la piena partecipazione e una nuova prospettiva su una delle citt\u00e0 pi\u00f9 belle d&#8217;Italia, una promessa di promozione della cultura sportiva, ma non solo. A corredo della gara podistica principale, infatti, si svolgeranno anche attivit\u00e0 su percorsi inclusivi e non competitivi per famiglie, bambini, anziani e persone con disabilit\u00e0. Questa iniziativa si inserisce a pieno titolo in un percorso pi\u00f9 ampio che mette al centro sempre di pi\u00f9 lo sport sociale, di base, per tutti&#8221;. &#8220;Da Bruxelles portiamo a Viterbo la Half Marathon, in occasione del decimo anniversario della Settimana Europea dello Sport &#8211; le parole di Antonella Sberna &#8211; Un evento di grande condivisione per il nostro territorio, per riaffermare con forza i valori della nostra comunit\u00e0. Viterbo diventa cos\u00ec il palcoscenico di una manifestazione nazionale capace di unire in un&#8217;unica grande corsa collettiva. Proprio come in una maratona, un passo dopo l&#8217;altro &#8211; con fatica, sudore e tenacia &#8211; corriamo insieme verso un futuro pi\u00f9 coeso e solidale. E&#8217; un patrimonio sociale, civile e culturale che, attraverso lo sport, incarna i valori di un&#8217;Europa pi\u00f9 giusta ed inclusiva&#8221;.<br \/>\n&#8211; credit foto: Ilaria Fochetti OPES &#8211;<br \/>\n(ITALPRESS).<\/div>\n<div id=\"div-gpt-ad-Messinaoggi.it-DSK-300x250-corpoart\" style=\"text-align:center;margin:0 auto;\"><\/div><\/p><div id=\"videoincontent\" style=\"clear:both\";><\/div>","protected":false},"excerpt":{"rendered":"<p>VITERBO (ITALPRESS) &#8211; Una mezza maratona che va oltre la strada, all&#8217;insegna dei grandi obiettivi comunitari quali il contrasto alla sedentariet\u00e0, la prevenzione sanitaria, la coesione sociale, la cittadinanza attiva e lo sviluppo sostenibile. Il 28 settembre prossimo si terr\u00e0 la prima edizione della &#8220;Viterbo Half Marathon-Citt\u00e0 dei Papi&#8221;, che nasce nell&#8217;ambito della Settimana Europea [&hellip;]<\/p>\n","protected":false},"author":18,"featured_media":246076,"comment_status":"closed","ping_status":"closed","sticky":false,"template":"","format":"standard","meta":{"ub_ctt_via":"","_mi_skip_tracking":false},"categories":[446],"tags":[783],"featured_image_src":"https:\/\/www.messinaoggi.it\/website\/wp-content\/uploads\/2025\/07\/20250721_2008.jpg","author_info":{"display_name":"Admin","author_link":"https:\/\/www.messinaoggi.it\/website\/author\/admin\/"},"digistream_id":0,"digistream":false,"_links":{"self":[{"href":"https:\/\/www.messinaoggi.it\/website\/wp-json\/wp\/v2\/posts\/246075"}],"collection":[{"href":"https:\/\/www.messinaoggi.it\/website\/wp-json\/wp\/v2\/posts"}],"about":[{"href":"https:\/\/www.messinaoggi.it\/website\/wp-json\/wp\/v2\/types\/post"}],"author":[{"embeddable":true,"href":"https:\/\/www.messinaoggi.it\/website\/wp-json\/wp\/v2\/users\/18"}],"replies":[{"embeddable":true,"href":"https:\/\/www.messinaoggi.it\/website\/wp-json\/wp\/v2\/comments?post=246075"}],"version-history":[{"count":0,"href":"https:\/\/www.messinaoggi.it\/website\/wp-json\/wp\/v2\/posts\/246075\/revisions"}],"wp:featuredmedia":[{"embeddable":true,"href":"https:\/\/www.messinaoggi.it\/website\/wp-json\/wp\/v2\/media\/246076"}],"wp:attachment":[{"href":"https:\/\/www.messinaoggi.it\/website\/wp-json\/wp\/v2\/media?parent=246075"}],"wp:term":[{"taxonomy":"category","embeddable":true,"href":"https:\/\/www.messinaoggi.it\/website\/wp-json\/wp\/v2\/categories?post=246075"},{"taxonomy":"post_tag","embeddable":true,"href":"https:\/\/www.messinaoggi.it\/website\/wp-json\/wp\/v2\/tags?post=246075"}],"curies":[{"name":"wp","href":"https:\/\/api.w.org\/{rel}","templated":true}]}}