{"id":246069,"date":"2025-07-21T17:09:27","date_gmt":"2025-07-21T15:09:27","guid":{"rendered":"https:\/\/www.messinaoggi.it\/website\/2025\/07\/21\/licenziamenti-consulta-tetto-di-6-mensilita-e-incostituzionale\/"},"modified":"2025-07-21T17:09:27","modified_gmt":"2025-07-21T15:09:27","slug":"licenziamenti-consulta-tetto-di-6-mensilita-e-incostituzionale","status":"publish","type":"post","link":"https:\/\/www.messinaoggi.it\/website\/2025\/07\/21\/licenziamenti-consulta-tetto-di-6-mensilita-e-incostituzionale\/","title":{"rendered":"Licenziamenti, Consulta \u201cTetto di 6 mensilit\u00e0 \u00e8 incostituzionale\u201d"},"content":{"rendered":"<div>ROMA (ITALPRESS) &#8211; Nei casi di licenziamento illegittimo nelle piccole imprese, il &#8220;tetto&#8221; di sei mensilit\u00e0 imposto all&#8217;indennit\u00e0 risarcitoria per i lavoratori \u00e8 incostituzionale. Lo ha deciso la Consulta nella sentenza depositata oggi. Secondo la Corte, l&#8217;imposizione di un simile limite massimo, &#8220;fisso e insuperabile, a prescindere dalla gravit\u00e0 del vizio del licenziamento&#8221;, fa s\u00ec che l&#8217;ammontare dell&#8217;indennit\u00e0 sia circoscritto &#8220;entro una forbice cos\u00ec esigua da non consentire al giudice di rispettare i criteri di personalizzazione, adeguatezza e congruit\u00e0 del risarcimento del danno sofferto dal lavoratore illegittimamente licenziato, n\u00e8 da assicurare la funzione deterrente della stessa indennit\u00e0 nei confronti del datore di lavoro&#8221;. La Corte ha espresso anche &#8220;l&#8217;auspicio di un intervento legislativo sul tema dei licenziamenti di dipendenti di imprese sotto soglia&#8221;, in considerazione del fatto che, nella legislazione europea e in quella nazionale, il criterio del numero dei dipendenti &#8220;non costituisce l&#8217;esclusivo indice rivelatore della forza economica dell&#8217;impresa e quindi della sostenibilit\u00e0 dei costi connessi ai licenziamenti illegittimi&#8221;.<br \/>-foto Ipa Agency &#8211;<br \/>(ITALPRESS).<\/div>\n<div id=\"div-gpt-ad-Messinaoggi.it-DSK-300x250-corpoart\" style=\"text-align:center;margin:0 auto;\"><\/div><\/p><div id=\"videoincontent\" style=\"clear:both\";><\/div>","protected":false},"excerpt":{"rendered":"<p>ROMA (ITALPRESS) &#8211; Nei casi di licenziamento illegittimo nelle piccole imprese, il &#8220;tetto&#8221; di sei mensilit\u00e0 imposto all&#8217;indennit\u00e0 risarcitoria per i lavoratori \u00e8 incostituzionale. Lo ha deciso la Consulta nella sentenza depositata oggi. Secondo la Corte, l&#8217;imposizione di un simile limite massimo, &#8220;fisso e insuperabile, a prescindere dalla gravit\u00e0 del vizio del licenziamento&#8221;, fa s\u00ec [&hellip;]<\/p>\n","protected":false},"author":18,"featured_media":246070,"comment_status":"closed","ping_status":"closed","sticky":false,"template":"","format":"standard","meta":{"ub_ctt_via":"","_mi_skip_tracking":false},"categories":[446],"tags":[783],"featured_image_src":"https:\/\/www.messinaoggi.it\/website\/wp-content\/uploads\/2025\/07\/20250721_1660.jpg","author_info":{"display_name":"Admin","author_link":"https:\/\/www.messinaoggi.it\/website\/author\/admin\/"},"digistream_id":0,"digistream":false,"_links":{"self":[{"href":"https:\/\/www.messinaoggi.it\/website\/wp-json\/wp\/v2\/posts\/246069"}],"collection":[{"href":"https:\/\/www.messinaoggi.it\/website\/wp-json\/wp\/v2\/posts"}],"about":[{"href":"https:\/\/www.messinaoggi.it\/website\/wp-json\/wp\/v2\/types\/post"}],"author":[{"embeddable":true,"href":"https:\/\/www.messinaoggi.it\/website\/wp-json\/wp\/v2\/users\/18"}],"replies":[{"embeddable":true,"href":"https:\/\/www.messinaoggi.it\/website\/wp-json\/wp\/v2\/comments?post=246069"}],"version-history":[{"count":0,"href":"https:\/\/www.messinaoggi.it\/website\/wp-json\/wp\/v2\/posts\/246069\/revisions"}],"wp:featuredmedia":[{"embeddable":true,"href":"https:\/\/www.messinaoggi.it\/website\/wp-json\/wp\/v2\/media\/246070"}],"wp:attachment":[{"href":"https:\/\/www.messinaoggi.it\/website\/wp-json\/wp\/v2\/media?parent=246069"}],"wp:term":[{"taxonomy":"category","embeddable":true,"href":"https:\/\/www.messinaoggi.it\/website\/wp-json\/wp\/v2\/categories?post=246069"},{"taxonomy":"post_tag","embeddable":true,"href":"https:\/\/www.messinaoggi.it\/website\/wp-json\/wp\/v2\/tags?post=246069"}],"curies":[{"name":"wp","href":"https:\/\/api.w.org\/{rel}","templated":true}]}}