{"id":245988,"date":"2025-07-19T20:09:24","date_gmt":"2025-07-19T18:09:24","guid":{"rendered":"https:\/\/www.messinaoggi.it\/website\/2025\/07\/19\/ad-arensman-la-14-tappa-del-tour-pogacar-sempre-piu-in-giallo\/"},"modified":"2025-07-19T20:09:24","modified_gmt":"2025-07-19T18:09:24","slug":"ad-arensman-la-14-tappa-del-tour-pogacar-sempre-piu-in-giallo","status":"publish","type":"post","link":"https:\/\/www.messinaoggi.it\/website\/2025\/07\/19\/ad-arensman-la-14-tappa-del-tour-pogacar-sempre-piu-in-giallo\/","title":{"rendered":"Ad Arensman la 14^ tappa del Tour, Pogacar sempre pi\u00f9 in giallo"},"content":{"rendered":"<div>BAGNERES-DE-LUCHON (FRANCIA) (ITALPRESS) &#8211; Thymen Arensman conquista uno splendido successo nella quattordicesima tappa del Tour de France 2025, la Pau-Luchon-Superbagneres di 182,6 km. Il corridore olandese della Ineos Grenadiers, protagonista della fuga di giornata, compie un&#8217;incredibile impresa riuscendo a mettersi alle spalle due fenomeni come Tadej Pogacar (UAE Emirates) e Jonas Vingegaard (Visma Lease a Bike). Lo sloveno risponde presente agli attacchi del danese e riesce a difendere la maglia gialla senza troppe difficolt\u00e0, guadagnando anzi altri preziosi secondi nei confronti del rivale. Da segnalare il ritiro sul Tourmalet di Remco Evenepoel (Soudal Quick-Step), maglia bianca e terzo nella classifica generale. Ha lasciato il Tour, dopo una caduta, anche Mattias Skjelmose (Lidl-Trek).<br \/>&#8220;Non ci posso credere, aspettavo queste tappe &#8211; le parole al traguardo di Arensman &#8211; E&#8217; fantastico vincere al mio primo Tour. C&#8217;era anche Carlos Rodriguez nel gruppo ed eravamo pi\u00f9 forti insieme. E&#8217; uno dei momenti pi\u00f9 belli della mia vita. E&#8217; stata molto dura, soprattutto l&#8217;ultima salita, ma \u00e8 tutto pazzesco. Sapevo che Pogacar e Vingegaard potevano arrivare, ero in forma e ho spinto al massimo. Onestamente ero venuto per la mia prima esperienza al Tour e non mi aspettavo di vincere una tappa come questa. E&#8217; qualcosa di incredibile&#8221;. Insieme ad Arensman, avevano preso parte alla fuga odierna altri sei corridori: Lenny Martinez (Bahrain Victorious), Simon Yates, Sepp Kuss (Visma Lease a Bike), Carlos Rodriguez (Ineos Grenadiers), Tobias Halland Johannessen (Uno X Mobility) e Valentin Paret-Peintre (Soudal Quick Step). Domani la quindicesima tappa, la Muret-Carcassone di 169,3 km.<br \/>&#8211; foto Ipa Agency &#8211;<br \/>(ITALPRESS).<\/div>\n<div id=\"div-gpt-ad-Messinaoggi.it-DSK-300x250-corpoart\" style=\"text-align:center;margin:0 auto;\"><\/div><\/p><div id=\"videoincontent\" style=\"clear:both\";><\/div>","protected":false},"excerpt":{"rendered":"<p>BAGNERES-DE-LUCHON (FRANCIA) (ITALPRESS) &#8211; Thymen Arensman conquista uno splendido successo nella quattordicesima tappa del Tour de France 2025, la Pau-Luchon-Superbagneres di 182,6 km. Il corridore olandese della Ineos Grenadiers, protagonista della fuga di giornata, compie un&#8217;incredibile impresa riuscendo a mettersi alle spalle due fenomeni come Tadej Pogacar (UAE Emirates) e Jonas Vingegaard (Visma Lease a [&hellip;]<\/p>\n","protected":false},"author":18,"featured_media":245989,"comment_status":"closed","ping_status":"closed","sticky":false,"template":"","format":"standard","meta":{"ub_ctt_via":"","_mi_skip_tracking":false},"categories":[446],"tags":[783],"featured_image_src":"https:\/\/www.messinaoggi.it\/website\/wp-content\/uploads\/2025\/07\/20250719_1352.jpg","author_info":{"display_name":"Admin","author_link":"https:\/\/www.messinaoggi.it\/website\/author\/admin\/"},"digistream_id":0,"digistream":false,"_links":{"self":[{"href":"https:\/\/www.messinaoggi.it\/website\/wp-json\/wp\/v2\/posts\/245988"}],"collection":[{"href":"https:\/\/www.messinaoggi.it\/website\/wp-json\/wp\/v2\/posts"}],"about":[{"href":"https:\/\/www.messinaoggi.it\/website\/wp-json\/wp\/v2\/types\/post"}],"author":[{"embeddable":true,"href":"https:\/\/www.messinaoggi.it\/website\/wp-json\/wp\/v2\/users\/18"}],"replies":[{"embeddable":true,"href":"https:\/\/www.messinaoggi.it\/website\/wp-json\/wp\/v2\/comments?post=245988"}],"version-history":[{"count":0,"href":"https:\/\/www.messinaoggi.it\/website\/wp-json\/wp\/v2\/posts\/245988\/revisions"}],"wp:featuredmedia":[{"embeddable":true,"href":"https:\/\/www.messinaoggi.it\/website\/wp-json\/wp\/v2\/media\/245989"}],"wp:attachment":[{"href":"https:\/\/www.messinaoggi.it\/website\/wp-json\/wp\/v2\/media?parent=245988"}],"wp:term":[{"taxonomy":"category","embeddable":true,"href":"https:\/\/www.messinaoggi.it\/website\/wp-json\/wp\/v2\/categories?post=245988"},{"taxonomy":"post_tag","embeddable":true,"href":"https:\/\/www.messinaoggi.it\/website\/wp-json\/wp\/v2\/tags?post=245988"}],"curies":[{"name":"wp","href":"https:\/\/api.w.org\/{rel}","templated":true}]}}