{"id":24569,"date":"2018-09-21T16:26:12","date_gmt":"2018-09-21T14:26:12","guid":{"rendered":"http:\/\/www.messinaoggi.it\/website\/?p=24569"},"modified":"2018-09-21T16:26:12","modified_gmt":"2018-09-21T14:26:12","slug":"travolto-pedone-in-via-catania-e-in-gravi-condizioni","status":"publish","type":"post","link":"https:\/\/www.messinaoggi.it\/website\/2018\/09\/21\/travolto-pedone-in-via-catania-e-in-gravi-condizioni\/","title":{"rendered":"Travolto pedone in via Catania: \u00e8 in gravi condizioni"},"content":{"rendered":"<p>Ancora sangue sulle strade di Messina. Un pedone \u00e8 stato investito nel pomeriggio da una Ford Fiesta di colore grigio, in via Catania, nei pressi del cimitero. L&#8217;uomo \u00e8 stato centrato dalla vettura non lontano dalle strisce pedonali.<br \/>\nIl pedone \u00e8 stato centrato in pieno dalla vettura ed \u00e8 stato trasportato in codice rosso al Pronto soccorso del Policlinico dove gli stanno prestando le cure.<br \/>\n<img loading=\"lazy\" class=\"size-medium wp-image-24570 alignright\" src=\"http:\/\/www.messinaoggi.it\/website\/wp-content\/uploads\/2018\/09\/798AB7EE-C468-4A37-9797-4ECD2AF2704F-300x169.jpeg\" alt=\"\" width=\"300\" height=\"169\" \/><br \/>\nLa vittima dell&#8217;ennesimo incidente stradale &#8211; ieri sera \u00e8 stata investita una donna in via La Farina &#8211; non \u00e8 in pericolo di vita, ma le sue condizioni vengono definite piuttosto serie dai sanitari.<br \/>\nL&#8217;uomo \u00e8 stato soccorso dal personale del 118 giunto sul posto immediatamente. Indagini in corso da parte degli agenti della Polizia municipale.<div id=\"div-gpt-ad-Messinaoggi.it-DSK-300x250-corpoart\" style=\"text-align:center;margin:0 auto;\"><\/div><\/p>\n<div id=\"videoincontent\" style=\"clear:both\";><\/div>","protected":false},"excerpt":{"rendered":"<p>Ancora sangue sulle strade di Messina. Un pedone \u00e8 stato investito nel pomeriggio da una Ford Fiesta di colore grigio, in via Catania, nei pressi del cimitero. L&#8217;uomo \u00e8 stato centrato dalla vettura non lontano dalle strisce pedonali. Il pedone \u00e8 stato centrato in pieno dalla vettura ed \u00e8 stato trasportato in codice rosso al [&hellip;]<\/p>\n","protected":false},"author":2,"featured_media":24571,"comment_status":"closed","ping_status":"open","sticky":false,"template":"","format":"standard","meta":{"ub_ctt_via":"","_mi_skip_tracking":false},"categories":[19,6],"tags":[],"featured_image_src":"https:\/\/www.messinaoggi.it\/website\/wp-content\/uploads\/2018\/09\/9D89C6C2-32FB-49BF-9629-0ED4771C7653.jpeg","author_info":{"display_name":"Redazione","author_link":"https:\/\/www.messinaoggi.it\/website\/author\/redazione\/"},"digistream_id":0,"digistream":false,"_links":{"self":[{"href":"https:\/\/www.messinaoggi.it\/website\/wp-json\/wp\/v2\/posts\/24569"}],"collection":[{"href":"https:\/\/www.messinaoggi.it\/website\/wp-json\/wp\/v2\/posts"}],"about":[{"href":"https:\/\/www.messinaoggi.it\/website\/wp-json\/wp\/v2\/types\/post"}],"author":[{"embeddable":true,"href":"https:\/\/www.messinaoggi.it\/website\/wp-json\/wp\/v2\/users\/2"}],"replies":[{"embeddable":true,"href":"https:\/\/www.messinaoggi.it\/website\/wp-json\/wp\/v2\/comments?post=24569"}],"version-history":[{"count":0,"href":"https:\/\/www.messinaoggi.it\/website\/wp-json\/wp\/v2\/posts\/24569\/revisions"}],"wp:featuredmedia":[{"embeddable":true,"href":"https:\/\/www.messinaoggi.it\/website\/wp-json\/wp\/v2\/media\/24571"}],"wp:attachment":[{"href":"https:\/\/www.messinaoggi.it\/website\/wp-json\/wp\/v2\/media?parent=24569"}],"wp:term":[{"taxonomy":"category","embeddable":true,"href":"https:\/\/www.messinaoggi.it\/website\/wp-json\/wp\/v2\/categories?post=24569"},{"taxonomy":"post_tag","embeddable":true,"href":"https:\/\/www.messinaoggi.it\/website\/wp-json\/wp\/v2\/tags?post=24569"}],"curies":[{"name":"wp","href":"https:\/\/api.w.org\/{rel}","templated":true}]}}