{"id":245441,"date":"2025-07-14T10:16:08","date_gmt":"2025-07-14T08:16:08","guid":{"rendered":"http:\/\/www.messinaoggi.it\/website\/?p=245441"},"modified":"2025-07-14T10:16:09","modified_gmt":"2025-07-14T08:16:09","slug":"polemiche-cossetto-la-lega-solidarizza-con-fdi","status":"publish","type":"post","link":"https:\/\/www.messinaoggi.it\/website\/2025\/07\/14\/polemiche-cossetto-la-lega-solidarizza-con-fdi\/","title":{"rendered":"Polemiche Cossetto, la Lega solidarizza con FdI"},"content":{"rendered":"\n<p>La polemica scoppiata attorno alla proposta di intitolare una via di Messina a Norma Cossetto avanzata dai colleghi di Fratelli d\u2019Italia sta assumendo toni inaccettabili. La Lega esprime piena solidariet\u00e0 ai consiglieri comunali attaccati mediaticamente per aver sostenuto un\u2019iniziativa doverosa, che mira a rendere omaggio a una giovane donna istriana barbaramente assassinata e insignita della medaglia d\u2019oro al merito civile dalla Presidenza della Repubblica\u201d.<div id=\"div-gpt-ad-Messinaoggi.it-DSK-300x250-corpoart\" style=\"text-align:center;margin:0 auto;\"><\/div><\/p>\n\n\n\n<p>Cos\u00ec i consiglieri della Lega Messina relativamente alla bocciatura della Commissione Toponomastica della richiesta di Fratelli d&#8217;Italia di intitolare una via a Norma Cossetto e alle polemiche successive.<div id=\"videoincontent\" style=\"clear:both\";><\/div><\/p>\n\n\n\n<p>\u201cDispiace constatare -aggiungono gli esponenti del partito di Matteo Salvini- che invece di affrontare con rispetto la memoria delle vittime delle foibe, alcune voci, in particolare quella dell\u2019ANPI di Messina, scelgano la strada della polemica ideologica e della delegittimazione personale, scagliandosi contro chi ha osato sostenere una proposta perfettamente coerente con quanto sancito dalla Giornata del Ricordo, istituita dal Parlamento italiano nel 2004.<\/p>\n\n\n\n<p>Chi oggi difende le posizioni del professore Restifo e della Commissione Toponomastica, arrivando a insinuare che la morte di Norma Cossetto fosse \u201ccontestualizzabile\u201d, si rende protagonista di una vera e propria caccia alle streghe culturale, nella quale chi non si allinea a una certa narrazione storiografica \u00e8 etichettato come nazionalista o peggio ancora. \u00c8 un clima da tribunale ideologico, che nulla ha a che vedere con il pluralismo democratico e con la libert\u00e0 di espressione.<\/p>\n","protected":false},"excerpt":{"rendered":"<p>La polemica scoppiata attorno alla proposta di intitolare una via di Messina a Norma Cossetto avanzata dai colleghi di Fratelli d\u2019Italia sta assumendo toni inaccettabili. La Lega esprime piena solidariet\u00e0 ai consiglieri comunali attaccati mediaticamente per aver sostenuto un\u2019iniziativa doverosa, che mira a rendere omaggio a una giovane donna istriana barbaramente assassinata e insignita della [&hellip;]<\/p>\n","protected":false},"author":2,"featured_media":227438,"comment_status":"open","ping_status":"open","sticky":false,"template":"","format":"standard","meta":{"ub_ctt_via":"","_mi_skip_tracking":false},"categories":[5],"tags":[],"featured_image_src":"https:\/\/www.messinaoggi.it\/website\/wp-content\/uploads\/2025\/02\/Prima-lItalia-1-DArrigo-Oteri-Centofanti-e1751394042120.jpg","author_info":{"display_name":"Redazione","author_link":"https:\/\/www.messinaoggi.it\/website\/author\/redazione\/"},"digistream_id":0,"digistream":false,"_links":{"self":[{"href":"https:\/\/www.messinaoggi.it\/website\/wp-json\/wp\/v2\/posts\/245441"}],"collection":[{"href":"https:\/\/www.messinaoggi.it\/website\/wp-json\/wp\/v2\/posts"}],"about":[{"href":"https:\/\/www.messinaoggi.it\/website\/wp-json\/wp\/v2\/types\/post"}],"author":[{"embeddable":true,"href":"https:\/\/www.messinaoggi.it\/website\/wp-json\/wp\/v2\/users\/2"}],"replies":[{"embeddable":true,"href":"https:\/\/www.messinaoggi.it\/website\/wp-json\/wp\/v2\/comments?post=245441"}],"version-history":[{"count":1,"href":"https:\/\/www.messinaoggi.it\/website\/wp-json\/wp\/v2\/posts\/245441\/revisions"}],"predecessor-version":[{"id":245442,"href":"https:\/\/www.messinaoggi.it\/website\/wp-json\/wp\/v2\/posts\/245441\/revisions\/245442"}],"wp:featuredmedia":[{"embeddable":true,"href":"https:\/\/www.messinaoggi.it\/website\/wp-json\/wp\/v2\/media\/227438"}],"wp:attachment":[{"href":"https:\/\/www.messinaoggi.it\/website\/wp-json\/wp\/v2\/media?parent=245441"}],"wp:term":[{"taxonomy":"category","embeddable":true,"href":"https:\/\/www.messinaoggi.it\/website\/wp-json\/wp\/v2\/categories?post=245441"},{"taxonomy":"post_tag","embeddable":true,"href":"https:\/\/www.messinaoggi.it\/website\/wp-json\/wp\/v2\/tags?post=245441"}],"curies":[{"name":"wp","href":"https:\/\/api.w.org\/{rel}","templated":true}]}}