{"id":245320,"date":"2025-07-12T14:09:26","date_gmt":"2025-07-12T12:09:26","guid":{"rendered":"https:\/\/www.messinaoggi.it\/website\/2025\/07\/12\/pioli-nuovo-allenatore-della-fiorentina-firma-fino-al-2028\/"},"modified":"2025-07-12T14:09:26","modified_gmt":"2025-07-12T12:09:26","slug":"pioli-nuovo-allenatore-della-fiorentina-firma-fino-al-2028","status":"publish","type":"post","link":"https:\/\/www.messinaoggi.it\/website\/2025\/07\/12\/pioli-nuovo-allenatore-della-fiorentina-firma-fino-al-2028\/","title":{"rendered":"Pioli nuovo allenatore della Fiorentina, firma fino al 2028"},"content":{"rendered":"<div>FIRENZE (ITALPRESS) &#8211;<strong> Stefano Pioli \u00e8 ufficialmente il nuovo allenatore della Fiorentina.<\/strong> Lo ha comunicato il club viola spiegando che il tecnico <em>&#8220;torna a Firenze dopo aver indossato la maglia viola da calciatore, tra il 1989 e il 1995, e guidato da allenatore i gigliati dal 2017 al 2019. Pioli ha firmato un contratto che lo legher\u00e0 al club fino al 30 giugno 2028&#8221;<\/em>.<div id=\"div-gpt-ad-Messinaoggi.it-DSK-300x250-corpoart\" style=\"text-align:center;margin:0 auto;\"><\/div><\/p>\n<p>Dopo le avventure, tra le altre, con Lazio e Milan, Pioli ha allenato per una stagione in Arabia Saudita, guidando l&#8217;Al Nassr di Cristiano Ronaldo.<em> &#8220;A supportare il nuovo allenatore della Fiorentina<\/em> &#8211; comunica la societ\u00e0 &#8211; s<em>ar\u00e0 lo staff tecnico composto da: Andrea Tarozzi Andrea (allenatore in seconda), Gianmarco Pioli (collaboratore tecnico), Jesse Andrea Fioranelli (collaboratore tecnico), Riccardo Taddei (collaboratore tecnico), Aleksandr Nizelik (collaboratore tecnico), Matteo Osti (preparatore atletico), Roberto Peressutti (preparatore atletico), Alessio Butini (preparatore atletico), Martino Vignali (match analyst), Andrea Tordi (match analyst), Giorgio Bianchi (preparatore portieri), Alessandro Dall&#8217;Omo (preparatore portieri)&#8221;.<br \/>\n<\/em><br \/>\n<em>&#8220;Sono molto contento dell&#8217;arrivo di Stefano Pioli alla guida della prima squadra della Fiorentina, sin dalle prime parole che ci siamo scambiati, ho trovato nel mister valori umani e voglia di lottare per questo club e questa citt\u00e0 che conosce cos\u00ec bene e alla quale \u00e8 profondamente legato<\/em> &#8211; il commento del <strong>presidente Rocco Commisso<\/strong> -. <em>Io, la mia famiglia e tutta la Fiorentina diamo il bentornato a Stefano augurandogli il meglio per questa nuova avventura in maglia viola&#8221;.<\/em><div id=\"videoincontent\" style=\"clear:both\";><\/div><\/p>\n<p>Il club fa sapere che <em>&#8220;mister Pioli, insieme alla prima squadra, saluter\u00e0 i tifosi luned\u00ec 14 luglio in occasione del Viola Carpet, e incontrer\u00e0 i giornalisti mercoled\u00ec 16 luglio, alle ore 12:00, all&#8217;interno del Wind Tre Media Center del Viola Park&#8221;.<br \/>\n<\/em><br \/>\n&#8211; Foto Ipa Agency &#8211;<br \/>\n(ITALPRESS).<\/div>\n","protected":false},"excerpt":{"rendered":"<p>FIRENZE (ITALPRESS) &#8211; Stefano Pioli \u00e8 ufficialmente il nuovo allenatore della Fiorentina. Lo ha comunicato il club viola spiegando che il tecnico &#8220;torna a Firenze dopo aver indossato la maglia viola da calciatore, tra il 1989 e il 1995, e guidato da allenatore i gigliati dal 2017 al 2019. Pioli ha firmato un contratto che [&hellip;]<\/p>\n","protected":false},"author":18,"featured_media":245321,"comment_status":"closed","ping_status":"closed","sticky":false,"template":"","format":"standard","meta":{"ub_ctt_via":"","_mi_skip_tracking":false},"categories":[446],"tags":[783],"featured_image_src":"https:\/\/www.messinaoggi.it\/website\/wp-content\/uploads\/2025\/07\/20250712_0735.jpg","author_info":{"display_name":"Admin","author_link":"https:\/\/www.messinaoggi.it\/website\/author\/admin\/"},"digistream_id":0,"digistream":false,"_links":{"self":[{"href":"https:\/\/www.messinaoggi.it\/website\/wp-json\/wp\/v2\/posts\/245320"}],"collection":[{"href":"https:\/\/www.messinaoggi.it\/website\/wp-json\/wp\/v2\/posts"}],"about":[{"href":"https:\/\/www.messinaoggi.it\/website\/wp-json\/wp\/v2\/types\/post"}],"author":[{"embeddable":true,"href":"https:\/\/www.messinaoggi.it\/website\/wp-json\/wp\/v2\/users\/18"}],"replies":[{"embeddable":true,"href":"https:\/\/www.messinaoggi.it\/website\/wp-json\/wp\/v2\/comments?post=245320"}],"version-history":[{"count":0,"href":"https:\/\/www.messinaoggi.it\/website\/wp-json\/wp\/v2\/posts\/245320\/revisions"}],"wp:featuredmedia":[{"embeddable":true,"href":"https:\/\/www.messinaoggi.it\/website\/wp-json\/wp\/v2\/media\/245321"}],"wp:attachment":[{"href":"https:\/\/www.messinaoggi.it\/website\/wp-json\/wp\/v2\/media?parent=245320"}],"wp:term":[{"taxonomy":"category","embeddable":true,"href":"https:\/\/www.messinaoggi.it\/website\/wp-json\/wp\/v2\/categories?post=245320"},{"taxonomy":"post_tag","embeddable":true,"href":"https:\/\/www.messinaoggi.it\/website\/wp-json\/wp\/v2\/tags?post=245320"}],"curies":[{"name":"wp","href":"https:\/\/api.w.org\/{rel}","templated":true}]}}