{"id":24531,"date":"2018-09-21T07:52:42","date_gmt":"2018-09-21T05:52:42","guid":{"rendered":"http:\/\/www.messinaoggi.it\/website\/?p=24531"},"modified":"2018-09-21T07:52:42","modified_gmt":"2018-09-21T05:52:42","slug":"musumeci-la-baraccopoli-di-messina-una-vera-vergogna","status":"publish","type":"post","link":"https:\/\/www.messinaoggi.it\/website\/2018\/09\/21\/musumeci-la-baraccopoli-di-messina-una-vera-vergogna\/","title":{"rendered":"Musumeci: &quot;La baraccopoli di Messina una vera vergogna&quot;"},"content":{"rendered":"<p style=\"text-align: justify;\">&#8220;<em>La baraccopoli di Messina costituisce una vergogna per la politica nazionale e regionale. Per cento anni non sempre ai buoni propositi hanno fatto seguito i fatti. L&#8217;Agenzia per il risanamento, voluta dalla coalizione del mio governo, deve essere lo strumento piu&#8217; agile per cancellare questa pagina disonorevole. Siamo accanto al Comune messinese in questa impresa difficile e insidiosa. E la delibera della richiesta di dichiarazione del gravissimo stato di emergenza igienico-sanitaria-ambientale \u00e8\u00a0 per noi un atto dovuto e sentito. Ora la palla passa a Roma. Ma sono certo che non mancheranno al governo centrale sensibilit\u00e0 e celerit\u00e0 per non arrestare una procedura gi\u00e0 avviata<\/em>&#8220;.<div id=\"div-gpt-ad-Messinaoggi.it-DSK-300x250-corpoart\" style=\"text-align:center;margin:0 auto;\"><\/div><\/p>\n<p style=\"text-align: justify;\">Lo dice il presidente della Regione <strong>Nello Musumeci<\/strong>. Com&#8217;\u00e8 noto\u00a0 il provvedimento riguarda sei zone della citt\u00e0 (Annunziata, Giostra-Ritiro-Tremonti, Camaro, Fondo Sacc\u00e0, Bordonaro-Gazzi-Taormina e Santa Lucia) che si estendono per oltre 230mila metri quadrati, nelle quali sono presenti baracche e casette degradate, molte abusive &#8211; che ospitano 6.400 persone &#8211; conseguenza della gravissima situazione determinata dal terremoto del 1908 e mai risanata.<div id=\"videoincontent\" style=\"clear:both\";><\/div><\/p>\n<p style=\"text-align: justify;\">Dalle relazioni dell&#8217;Azienda sanitaria provinciale e dai sopralluoghi effettuati dai tecnici del Comune di Messina e&#8217; emersa una condizione igienico-sanitaria molto precaria con scarichi fognari a cielo aperto, cumuli di rifiuti abbandonati, esalazioni maleodoranti e coperture realizzate in cemento-amianto.<\/p>\n<p style=\"text-align: justify;\">Con rischi elevati, quindi, per la salute dei residenti. Il piano di lavoro previsto dalla Protezione civile regionale prevede, prima, la bonifica delle aree e successivamente la demolizione delle baracche. Secondo la stima degli interventi effettuata dal Comune il costo complessivo dell&#8217;operazione dovrebbe essere di circa 35 milioni di euro.<\/p>\n<p style=\"text-align: justify;\">L&#8217;amministrazione comunale sta provvedendo a reperire gli alloggi (temporanei e definitivi) per gli oltre duemila nuclei familiari che vi abitano e per le quali \u00e8\u00a0 stato gi\u00e0 disposto lo sgombero. La delibera della giunta sar\u00e0 adesso inoltrata alla presidenza del Consiglio dei ministri che dovr\u00e0 delibera lo stato di emergenza.<\/p>\n","protected":false},"excerpt":{"rendered":"<p>&#8220;La baraccopoli di Messina costituisce una vergogna per la politica nazionale e regionale. Per cento anni non sempre ai buoni propositi hanno fatto seguito i fatti. L&#8217;Agenzia per il risanamento, voluta dalla coalizione del mio governo, deve essere lo strumento piu&#8217; agile per cancellare questa pagina disonorevole. Siamo accanto al Comune messinese in questa impresa [&hellip;]<\/p>\n","protected":false},"author":2,"featured_media":10969,"comment_status":"closed","ping_status":"open","sticky":false,"template":"","format":"standard","meta":{"ub_ctt_via":"","_mi_skip_tracking":false},"categories":[19],"tags":[],"featured_image_src":"https:\/\/www.messinaoggi.it\/website\/wp-content\/uploads\/2017\/11\/nello-musumeci-RRP_9992.jpg","author_info":{"display_name":"Redazione","author_link":"https:\/\/www.messinaoggi.it\/website\/author\/redazione\/"},"digistream_id":0,"digistream":false,"_links":{"self":[{"href":"https:\/\/www.messinaoggi.it\/website\/wp-json\/wp\/v2\/posts\/24531"}],"collection":[{"href":"https:\/\/www.messinaoggi.it\/website\/wp-json\/wp\/v2\/posts"}],"about":[{"href":"https:\/\/www.messinaoggi.it\/website\/wp-json\/wp\/v2\/types\/post"}],"author":[{"embeddable":true,"href":"https:\/\/www.messinaoggi.it\/website\/wp-json\/wp\/v2\/users\/2"}],"replies":[{"embeddable":true,"href":"https:\/\/www.messinaoggi.it\/website\/wp-json\/wp\/v2\/comments?post=24531"}],"version-history":[{"count":0,"href":"https:\/\/www.messinaoggi.it\/website\/wp-json\/wp\/v2\/posts\/24531\/revisions"}],"wp:featuredmedia":[{"embeddable":true,"href":"https:\/\/www.messinaoggi.it\/website\/wp-json\/wp\/v2\/media\/10969"}],"wp:attachment":[{"href":"https:\/\/www.messinaoggi.it\/website\/wp-json\/wp\/v2\/media?parent=24531"}],"wp:term":[{"taxonomy":"category","embeddable":true,"href":"https:\/\/www.messinaoggi.it\/website\/wp-json\/wp\/v2\/categories?post=24531"},{"taxonomy":"post_tag","embeddable":true,"href":"https:\/\/www.messinaoggi.it\/website\/wp-json\/wp\/v2\/tags?post=24531"}],"curies":[{"name":"wp","href":"https:\/\/api.w.org\/{rel}","templated":true}]}}