{"id":245133,"date":"2025-07-10T12:49:24","date_gmt":"2025-07-10T10:49:24","guid":{"rendered":"https:\/\/www.messinaoggi.it\/website\/2025\/07\/10\/ue-schifani-resto-al-fianco-di-fitto-le-regioni-restino-protagoniste\/"},"modified":"2025-07-10T12:49:24","modified_gmt":"2025-07-10T10:49:24","slug":"ue-schifani-resto-al-fianco-di-fitto-le-regioni-restino-protagoniste","status":"publish","type":"post","link":"https:\/\/www.messinaoggi.it\/website\/2025\/07\/10\/ue-schifani-resto-al-fianco-di-fitto-le-regioni-restino-protagoniste\/","title":{"rendered":"Ue, Schifani \u201cResto al fianco di Fitto, le Regioni restino protagoniste\u201d"},"content":{"rendered":"<div>\n<p>PALERMO (ITALPRESS) \u2013 Il presidente della <strong>Regione Siciliana<\/strong>, <strong>Renato Schifani<\/strong>, interviene nel dibattito sul futuro della politica di Coesione europea, esprimendo pieno sostegno alla linea del vice presidente esecutivo Raffaele Fitto e criticando la proposta della Commissione Ue che punta a centralizzare la gestione dei fondi strutturali, ridimensionando il ruolo delle Regioni.<div id=\"div-gpt-ad-Messinaoggi.it-DSK-300x250-corpoart\" style=\"text-align:center;margin:0 auto;\"><\/div><\/p>\n<p><em>\u201cLa visione proposta da Fitto<\/em> \u2013 afferma <strong>Schifani<\/strong> \u2013 <em>nasce dall\u2019esperienza diretta di chi ha guidato un territorio. Solo attraverso un coinvolgimento attivo delle Regioni si pu\u00f2 attuare una vera politica di Coesione. Ogni tentativo di centralizzazione \u00e8 un passo indietro rispetto al principio di sussidiariet\u00e0\u201d.<\/em><div id=\"videoincontent\" style=\"clear:both\";><\/div><\/p>\n<p><strong>Schifani<\/strong> sottolinea il ruolo strategico delle Regioni, che non possono essere considerate soggetti passivi, ma sono capaci di cogliere con prontezza i reali bisogni delle comunit\u00e0. <em>\u201cTagliare fuori i territori<\/em> \u2013 prosegue \u2013 <em>significa compromettere l\u2019efficacia delle politiche pubbliche e allontanare l\u2019Europa dai cittadini\u201d.<\/em><\/p>\n<p>Il governatore ricorda come la Sicilia abbia costruito nel tempo un modello di sviluppo basato sull\u2019uso strategico delle risorse europee, con risultati concreti in settori chiave come infrastrutture, innovazione, turismo ed energia. E i dati particolarmente significativi di crescita economica registrati ne sono la prova. Da qui l\u2019appello a un\u2019azione comune: <em>\u201cLe Regioni italiane hanno gi\u00e0 espresso una posizione unitaria e anche molti governi europei, compreso quello italiano, hanno manifestato preoccupazioni alla Commissione. Invito tutti i presidenti di Regione, al di l\u00e0 delle appartenenze politiche, a difendere il ruolo dei territori: non \u00e8 solo una questione istituzionale, ma democratica. Il futuro dell\u2019Europa si costruisce nei territori\u201d.<\/em><\/p>\n<p>\u2013 Foto IPA Agency \u2013<\/p>\n<p>(ITALPRESS)<\/p>\n<\/div>\n","protected":false},"excerpt":{"rendered":"<p>PALERMO (ITALPRESS) \u2013 Il presidente della Regione Siciliana, Renato Schifani, interviene nel dibattito sul futuro della politica di Coesione europea, esprimendo pieno sostegno alla linea del vice presidente esecutivo Raffaele Fitto e criticando la proposta della Commissione Ue che punta a centralizzare la gestione dei fondi strutturali, ridimensionando il ruolo delle Regioni. \u201cLa visione proposta [&hellip;]<\/p>\n","protected":false},"author":18,"featured_media":245134,"comment_status":"closed","ping_status":"closed","sticky":false,"template":"","format":"standard","meta":{"ub_ctt_via":"","_mi_skip_tracking":false},"categories":[2449],"tags":[783],"featured_image_src":"https:\/\/www.messinaoggi.it\/website\/wp-content\/uploads\/2025\/07\/schifani-2.jpg","author_info":{"display_name":"Admin","author_link":"https:\/\/www.messinaoggi.it\/website\/author\/admin\/"},"digistream_id":0,"digistream":false,"_links":{"self":[{"href":"https:\/\/www.messinaoggi.it\/website\/wp-json\/wp\/v2\/posts\/245133"}],"collection":[{"href":"https:\/\/www.messinaoggi.it\/website\/wp-json\/wp\/v2\/posts"}],"about":[{"href":"https:\/\/www.messinaoggi.it\/website\/wp-json\/wp\/v2\/types\/post"}],"author":[{"embeddable":true,"href":"https:\/\/www.messinaoggi.it\/website\/wp-json\/wp\/v2\/users\/18"}],"replies":[{"embeddable":true,"href":"https:\/\/www.messinaoggi.it\/website\/wp-json\/wp\/v2\/comments?post=245133"}],"version-history":[{"count":0,"href":"https:\/\/www.messinaoggi.it\/website\/wp-json\/wp\/v2\/posts\/245133\/revisions"}],"wp:featuredmedia":[{"embeddable":true,"href":"https:\/\/www.messinaoggi.it\/website\/wp-json\/wp\/v2\/media\/245134"}],"wp:attachment":[{"href":"https:\/\/www.messinaoggi.it\/website\/wp-json\/wp\/v2\/media?parent=245133"}],"wp:term":[{"taxonomy":"category","embeddable":true,"href":"https:\/\/www.messinaoggi.it\/website\/wp-json\/wp\/v2\/categories?post=245133"},{"taxonomy":"post_tag","embeddable":true,"href":"https:\/\/www.messinaoggi.it\/website\/wp-json\/wp\/v2\/tags?post=245133"}],"curies":[{"name":"wp","href":"https:\/\/api.w.org\/{rel}","templated":true}]}}