{"id":245106,"date":"2025-07-10T12:09:24","date_gmt":"2025-07-10T10:09:24","guid":{"rendered":"https:\/\/www.messinaoggi.it\/website\/2025\/07\/10\/libia-piantedosi-tornero-presto-per-rinsaldare-collaborazione\/"},"modified":"2025-07-10T12:10:30","modified_gmt":"2025-07-10T10:10:30","slug":"libia-piantedosi-tornero-presto-per-rinsaldare-collaborazione","status":"publish","type":"post","link":"https:\/\/www.messinaoggi.it\/website\/2025\/07\/10\/libia-piantedosi-tornero-presto-per-rinsaldare-collaborazione\/","title":{"rendered":"Libia, Piantedosi \u201cTorner\u00f2 presto per rinsaldare collaborazione\u201d"},"content":{"rendered":"<div>ROMA (ITALPRESS) &#8211; A Bengasi \u00e8 avvenuto<em> &#8220;un corto circuito protocollare che riguardava la composizione delle delegazioni che dovevano incontrarsi. Ma non ha coinvolto l&#8217;Italia&#8221;,<\/em> <em>&#8220;nessun respingimento ma pi\u00f9 concretamente un annullamento della riunione all&#8217;ultimo momento&#8221;<\/em>. Cos\u00ec il ministro dell&#8217;Interno <strong>Matteo Piantedosi<\/strong>, in un&#8217;intervista al <em>Corriere della Sera<\/em>.<div id=\"div-gpt-ad-Messinaoggi.it-DSK-300x250-corpoart\" style=\"text-align:center;margin:0 auto;\"><\/div><\/p>\n<p>Alla domanda se stia minimizzando quanto avvenuto in Libia, <strong>Piantedosi<\/strong> risponde cos\u00ec:<em> &#8220;Al contrario, posso dire che non \u00e8 un incidente da poco ed \u00e8 soprattutto una occasione perduta: sarebbe stata la prima volta di una visita in Cirenaica di una delegazione guidata dalla Commissione europea. Per\u00f2 credo che non vadano neanche ingigantite le possibili conseguenze, perch\u00e8 certamente su questo peseranno i buoni rapporti che i Paesi europei hanno con quella parte della Libia&#8221;.<\/em><div id=\"videoincontent\" style=\"clear:both\";><\/div><\/p>\n<p><em>&#8220;Personalmente, a nome del governo italiano, sono stato pi\u00f9 volte a Tripoli come in Cirenaica ed ho sempre svolto incontri proficui di cui sono stato soddisfatto. Ci sono stati vari incontri anche qui al Viminale di cui esistono foto e riprese. Non ho mai posto questioni sulla composizione delle delegazioni altrui&#8221;<\/em>, sottolinea il ministro, che alle critiche dell&#8217;opposizione replica cos\u00ec: <em>&#8220;Credo che sia un modo semplicistico e un p\u00f2 provinciale di compiacersi di quello che sicuramente \u00e8 stato un incidente diplomatico che per\u00f2, lo ripeto, non \u00e8 attribuibile in alcun modo alla delegazione italiana. Noi consideriamo di grande importanza la collaborazione che stiamo consolidando con entrambe le parti libiche. Andremo avanti e questa sar\u00e0 la migliore risposta a ogni illazione circa il rispetto e l&#8217;interesse che il nostro governo riscuote da quelle parti&#8221;.<\/em><\/p>\n<p><em>&#8220;Su dossier cos\u00ec importanti, come quello libico, l&#8217;azione del governo \u00e8 sempre corale e coordinata<\/em> &#8211; prosegue -. <em>Dopo anni di colpevole disinteresse ed una inerzia pressoch\u00e8 totale, ribadisco che questo governo intrattiene, con entrambe le parti libiche, eccellenti rapporti che sono la migliore garanzia della prosecuzione di una collaborazione gi\u00e0 proficua ed efficace. Torner\u00f2 presto in Libia, per rinsaldare ulteriormente la nostra collaborazione&#8221;<\/em>.<\/p>\n<p>&#8211; Foto IPA Agency &#8211;<\/p>\n<p>(ITALPRESS).<\/p><\/div>\n","protected":false},"excerpt":{"rendered":"<p>ROMA (ITALPRESS) &#8211; A Bengasi \u00e8 avvenuto &#8220;un corto circuito protocollare che riguardava la composizione delle delegazioni che dovevano incontrarsi. Ma non ha coinvolto l&#8217;Italia&#8221;, &#8220;nessun respingimento ma pi\u00f9 concretamente un annullamento della riunione all&#8217;ultimo momento&#8221;. Cos\u00ec il ministro dell&#8217;Interno Matteo Piantedosi, in un&#8217;intervista al Corriere della Sera. Alla domanda se stia minimizzando quanto avvenuto [&hellip;]<\/p>\n","protected":false},"author":18,"featured_media":245107,"comment_status":"closed","ping_status":"closed","sticky":false,"template":"","format":"standard","meta":{"ub_ctt_via":"","_mi_skip_tracking":false},"categories":[446,4],"tags":[783],"featured_image_src":"https:\/\/www.messinaoggi.it\/website\/wp-content\/uploads\/2025\/07\/20250710_0091.jpg","author_info":{"display_name":"Admin","author_link":"https:\/\/www.messinaoggi.it\/website\/author\/admin\/"},"digistream_id":0,"digistream":false,"_links":{"self":[{"href":"https:\/\/www.messinaoggi.it\/website\/wp-json\/wp\/v2\/posts\/245106"}],"collection":[{"href":"https:\/\/www.messinaoggi.it\/website\/wp-json\/wp\/v2\/posts"}],"about":[{"href":"https:\/\/www.messinaoggi.it\/website\/wp-json\/wp\/v2\/types\/post"}],"author":[{"embeddable":true,"href":"https:\/\/www.messinaoggi.it\/website\/wp-json\/wp\/v2\/users\/18"}],"replies":[{"embeddable":true,"href":"https:\/\/www.messinaoggi.it\/website\/wp-json\/wp\/v2\/comments?post=245106"}],"version-history":[{"count":1,"href":"https:\/\/www.messinaoggi.it\/website\/wp-json\/wp\/v2\/posts\/245106\/revisions"}],"predecessor-version":[{"id":245111,"href":"https:\/\/www.messinaoggi.it\/website\/wp-json\/wp\/v2\/posts\/245106\/revisions\/245111"}],"wp:featuredmedia":[{"embeddable":true,"href":"https:\/\/www.messinaoggi.it\/website\/wp-json\/wp\/v2\/media\/245107"}],"wp:attachment":[{"href":"https:\/\/www.messinaoggi.it\/website\/wp-json\/wp\/v2\/media?parent=245106"}],"wp:term":[{"taxonomy":"category","embeddable":true,"href":"https:\/\/www.messinaoggi.it\/website\/wp-json\/wp\/v2\/categories?post=245106"},{"taxonomy":"post_tag","embeddable":true,"href":"https:\/\/www.messinaoggi.it\/website\/wp-json\/wp\/v2\/tags?post=245106"}],"curies":[{"name":"wp","href":"https:\/\/api.w.org\/{rel}","templated":true}]}}