{"id":245073,"date":"2025-07-09T20:09:27","date_gmt":"2025-07-09T18:09:27","guid":{"rendered":"https:\/\/www.messinaoggi.it\/website\/2025\/07\/09\/ucraina-mattarella-a-zelensky-dallitalia-sempre-pieno-sostegno\/"},"modified":"2025-07-09T20:09:27","modified_gmt":"2025-07-09T18:09:27","slug":"ucraina-mattarella-a-zelensky-dallitalia-sempre-pieno-sostegno","status":"publish","type":"post","link":"https:\/\/www.messinaoggi.it\/website\/2025\/07\/09\/ucraina-mattarella-a-zelensky-dallitalia-sempre-pieno-sostegno\/","title":{"rendered":"Ucraina, Mattarella a Zelensky \u201cDall\u2019Italia sempre pieno sostegno\u201d"},"content":{"rendered":"<div>ROMA (ITALPRESS) &#8211; &#8220;E&#8217; un piacere incontrarla nuovamente, per ribadire la grande amicizia che lega l&#8217;Italia all&#8217;Ucraina e il pieno sostegno del nostro Paese all&#8217;indipendenza, alla sovranit\u00e0 e all&#8217;integrit\u00e0 territoriale dell&#8217;Ucraina, con la vicinanza pi\u00f9 intensa e concreta&#8221;. Lo ha detto il presidente della Repubblica, Sergio Mattarella, aprendo i colloqui con il presidente ucraino Volodymyr Zelensky al Quirinale. <br \/>&#8220;La nostra posizione rimane assolutamente ferma &#8211; ha proseguito Mattarella -. Vorrei anche esprimere l&#8217;ammirazione per il comportamento del popolo ucraino, cosa che rafforza la nostra convinzione di appoggio e sostegno pieno al vostro Paese&#8221;.<div id=\"div-gpt-ad-Messinaoggi.it-DSK-300x250-corpoart\" style=\"text-align:center;margin:0 auto;\"><\/div><\/p>\n<p>&#8211; Foto ufficio stampa Quirinale &#8211;<div id=\"videoincontent\" style=\"clear:both\";><\/div><\/p>\n<p>(ITALPRESS).<\/p><\/div>\n","protected":false},"excerpt":{"rendered":"<p>ROMA (ITALPRESS) &#8211; &#8220;E&#8217; un piacere incontrarla nuovamente, per ribadire la grande amicizia che lega l&#8217;Italia all&#8217;Ucraina e il pieno sostegno del nostro Paese all&#8217;indipendenza, alla sovranit\u00e0 e all&#8217;integrit\u00e0 territoriale dell&#8217;Ucraina, con la vicinanza pi\u00f9 intensa e concreta&#8221;. Lo ha detto il presidente della Repubblica, Sergio Mattarella, aprendo i colloqui con il presidente ucraino Volodymyr [&hellip;]<\/p>\n","protected":false},"author":18,"featured_media":245074,"comment_status":"closed","ping_status":"closed","sticky":false,"template":"","format":"standard","meta":{"ub_ctt_via":"","_mi_skip_tracking":false},"categories":[446],"tags":[783],"featured_image_src":"https:\/\/www.messinaoggi.it\/website\/wp-content\/uploads\/2025\/07\/20250709_2194.jpg","author_info":{"display_name":"Admin","author_link":"https:\/\/www.messinaoggi.it\/website\/author\/admin\/"},"digistream_id":0,"digistream":false,"_links":{"self":[{"href":"https:\/\/www.messinaoggi.it\/website\/wp-json\/wp\/v2\/posts\/245073"}],"collection":[{"href":"https:\/\/www.messinaoggi.it\/website\/wp-json\/wp\/v2\/posts"}],"about":[{"href":"https:\/\/www.messinaoggi.it\/website\/wp-json\/wp\/v2\/types\/post"}],"author":[{"embeddable":true,"href":"https:\/\/www.messinaoggi.it\/website\/wp-json\/wp\/v2\/users\/18"}],"replies":[{"embeddable":true,"href":"https:\/\/www.messinaoggi.it\/website\/wp-json\/wp\/v2\/comments?post=245073"}],"version-history":[{"count":0,"href":"https:\/\/www.messinaoggi.it\/website\/wp-json\/wp\/v2\/posts\/245073\/revisions"}],"wp:featuredmedia":[{"embeddable":true,"href":"https:\/\/www.messinaoggi.it\/website\/wp-json\/wp\/v2\/media\/245074"}],"wp:attachment":[{"href":"https:\/\/www.messinaoggi.it\/website\/wp-json\/wp\/v2\/media?parent=245073"}],"wp:term":[{"taxonomy":"category","embeddable":true,"href":"https:\/\/www.messinaoggi.it\/website\/wp-json\/wp\/v2\/categories?post=245073"},{"taxonomy":"post_tag","embeddable":true,"href":"https:\/\/www.messinaoggi.it\/website\/wp-json\/wp\/v2\/tags?post=245073"}],"curies":[{"name":"wp","href":"https:\/\/api.w.org\/{rel}","templated":true}]}}