{"id":245059,"date":"2025-07-09T16:49:25","date_gmt":"2025-07-09T14:49:25","guid":{"rendered":"https:\/\/www.messinaoggi.it\/website\/2025\/07\/09\/sicilia-vertice-di-maggioranza-schifani-illustra-manovra-da-200-milioni\/"},"modified":"2025-07-09T16:49:25","modified_gmt":"2025-07-09T14:49:25","slug":"sicilia-vertice-di-maggioranza-schifani-illustra-manovra-da-200-milioni","status":"publish","type":"post","link":"https:\/\/www.messinaoggi.it\/website\/2025\/07\/09\/sicilia-vertice-di-maggioranza-schifani-illustra-manovra-da-200-milioni\/","title":{"rendered":"Sicilia, vertice di maggioranza: Schifani illustra manovra da 200 milioni"},"content":{"rendered":"<div>\n<p>PALERMO (ITALPRESS) \u2013 Si \u00e8 riunito stamattina a <strong>Palazzo d\u2019Orleans il vertice di maggioranza convocato dal presidente della Regione Siciliana Renato Schifani<\/strong> per illustrare la bozza del<strong> disegno di legge di variazioni di bilancio che sar\u00e0 approvata domani dalla giunta<\/strong>.<div id=\"div-gpt-ad-Messinaoggi.it-DSK-300x250-corpoart\" style=\"text-align:center;margin:0 auto;\"><\/div><\/p>\n<p>L\u2019incontro, al quale erano presenti i segretari regionali e capigruppo dei partiti di centrodestra all\u2019Ars, \u00e8 durato oltre due ore e si \u00e8 svolto in clima di serenit\u00e0 e grande compattezza<strong>. I contenuti della manovra \u2013 che ammonta a circa 200 milioni di euro<\/strong> \u2013 sono stati illustrati dal presidente e pienamente condivisi dagli alleati di governo. Recepiti anche i suggerimenti arrivati dal tavolo di lavoro.<div id=\"videoincontent\" style=\"clear:both\";><\/div><\/p>\n<p>Gli obiettivi principali del ddl ruotano attorno allo sviluppo della Sicilia e prevedono misure che vanno dalle emergenze alla crescita, al sociale, con particolare attenzione al tema della salute. Sul rispetto della linea discussa ci sar\u00e0 il massimo rigore del governatore. Secondo gli accordi con il presidente dell\u2019<strong>Ars Galvagno<\/strong>, con il quale Schifani \u00e8 in stretto e continuo contatto, la legge dovrebbe essere approvata dal Parlamento prima dell\u2019interruzione estiva.<\/p>\n<p>-Foto IPA Agency-<br \/>\n(ITALPRESS).<\/p>\n<\/div>\n","protected":false},"excerpt":{"rendered":"<p>PALERMO (ITALPRESS) \u2013 Si \u00e8 riunito stamattina a Palazzo d\u2019Orleans il vertice di maggioranza convocato dal presidente della Regione Siciliana Renato Schifani per illustrare la bozza del disegno di legge di variazioni di bilancio che sar\u00e0 approvata domani dalla giunta. L\u2019incontro, al quale erano presenti i segretari regionali e capigruppo dei partiti di centrodestra all\u2019Ars, [&hellip;]<\/p>\n","protected":false},"author":18,"featured_media":245060,"comment_status":"closed","ping_status":"closed","sticky":false,"template":"","format":"standard","meta":{"ub_ctt_via":"","_mi_skip_tracking":false},"categories":[2449],"tags":[783],"featured_image_src":"https:\/\/www.messinaoggi.it\/website\/wp-content\/uploads\/2025\/07\/Renato-Schifani-1-2-e1751870880569-2.jpg","author_info":{"display_name":"Admin","author_link":"https:\/\/www.messinaoggi.it\/website\/author\/admin\/"},"digistream_id":0,"digistream":false,"_links":{"self":[{"href":"https:\/\/www.messinaoggi.it\/website\/wp-json\/wp\/v2\/posts\/245059"}],"collection":[{"href":"https:\/\/www.messinaoggi.it\/website\/wp-json\/wp\/v2\/posts"}],"about":[{"href":"https:\/\/www.messinaoggi.it\/website\/wp-json\/wp\/v2\/types\/post"}],"author":[{"embeddable":true,"href":"https:\/\/www.messinaoggi.it\/website\/wp-json\/wp\/v2\/users\/18"}],"replies":[{"embeddable":true,"href":"https:\/\/www.messinaoggi.it\/website\/wp-json\/wp\/v2\/comments?post=245059"}],"version-history":[{"count":0,"href":"https:\/\/www.messinaoggi.it\/website\/wp-json\/wp\/v2\/posts\/245059\/revisions"}],"wp:featuredmedia":[{"embeddable":true,"href":"https:\/\/www.messinaoggi.it\/website\/wp-json\/wp\/v2\/media\/245060"}],"wp:attachment":[{"href":"https:\/\/www.messinaoggi.it\/website\/wp-json\/wp\/v2\/media?parent=245059"}],"wp:term":[{"taxonomy":"category","embeddable":true,"href":"https:\/\/www.messinaoggi.it\/website\/wp-json\/wp\/v2\/categories?post=245059"},{"taxonomy":"post_tag","embeddable":true,"href":"https:\/\/www.messinaoggi.it\/website\/wp-json\/wp\/v2\/tags?post=245059"}],"curies":[{"name":"wp","href":"https:\/\/api.w.org\/{rel}","templated":true}]}}