{"id":245054,"date":"2025-07-09T15:09:25","date_gmt":"2025-07-09T13:09:25","guid":{"rendered":"https:\/\/www.messinaoggi.it\/website\/2025\/07\/09\/libia-piantedosi-nessun-respingimento-avanti-su-buone-relazioni\/"},"modified":"2025-07-09T15:09:25","modified_gmt":"2025-07-09T13:09:25","slug":"libia-piantedosi-nessun-respingimento-avanti-su-buone-relazioni","status":"publish","type":"post","link":"https:\/\/www.messinaoggi.it\/website\/2025\/07\/09\/libia-piantedosi-nessun-respingimento-avanti-su-buone-relazioni\/","title":{"rendered":"Libia, Piantedosi \u201cNessun respingimento, avanti su buone relazioni\u201d"},"content":{"rendered":"<div>ROMA (ITALPRESS) &#8211; &#8220;I giornali hanno parlato di respingimento, in realt\u00e0 non c&#8217;\u00e8 stato nessun respingimento. Si \u00e8 trattato di un incontro annullato all&#8217;ultimo momento per un risentimento da parte libica su qualche eccesso di zelo da parte di qualche funzionario della delegazione europea&#8221;. Cos\u00ec il ministro dell&#8217;Interno, Matteo Piantedosi, ai microfoni del Tg1. <br \/>&#8220;La prima parte della missione a Tripoli \u00e8 andata benissimo con un incontro proficuo e ricco di spunti costruttivi. Se qualche appassionato dell&#8217;immigrazione incontrollata crede di compiacersi dell&#8217;accaduto e di festeggiare, ritengo che sia sulla strada sbagliata perch\u00e8 noi andiamo avanti nelle buone relazioni con entrambe le parti libiche anche per condividere la lotta contro i trafficanti di esseri umani&#8221;, ha aggiunto Piantedosi.<br \/>&#8220;C&#8217;\u00e8 un rapporto strutturato che si sta fondando sempre pi\u00f9 su basi solide e un incidente, pur serio, non gestito dalla parte italiana, credo che non potr\u00e0 minare quella che \u00e8 la collaborazione che da tempo abbiamo avviato&#8221;, ha sottolineato infine il ministro sul rapporto con Bengasi e su possibili ripercussioni sulla questione migratoria.<br \/>(ITALPRESS).<br \/>-Foto: Ipa Agency-<\/div>\n<div id=\"div-gpt-ad-Messinaoggi.it-DSK-300x250-corpoart\" style=\"text-align:center;margin:0 auto;\"><\/div><\/p><div id=\"videoincontent\" style=\"clear:both\";><\/div>","protected":false},"excerpt":{"rendered":"<p>ROMA (ITALPRESS) &#8211; &#8220;I giornali hanno parlato di respingimento, in realt\u00e0 non c&#8217;\u00e8 stato nessun respingimento. Si \u00e8 trattato di un incontro annullato all&#8217;ultimo momento per un risentimento da parte libica su qualche eccesso di zelo da parte di qualche funzionario della delegazione europea&#8221;. Cos\u00ec il ministro dell&#8217;Interno, Matteo Piantedosi, ai microfoni del Tg1. &#8220;La [&hellip;]<\/p>\n","protected":false},"author":18,"featured_media":245055,"comment_status":"closed","ping_status":"closed","sticky":false,"template":"","format":"standard","meta":{"ub_ctt_via":"","_mi_skip_tracking":false},"categories":[446],"tags":[783],"featured_image_src":"https:\/\/www.messinaoggi.it\/website\/wp-content\/uploads\/2025\/07\/20250709_0872.jpg","author_info":{"display_name":"Admin","author_link":"https:\/\/www.messinaoggi.it\/website\/author\/admin\/"},"digistream_id":0,"digistream":false,"_links":{"self":[{"href":"https:\/\/www.messinaoggi.it\/website\/wp-json\/wp\/v2\/posts\/245054"}],"collection":[{"href":"https:\/\/www.messinaoggi.it\/website\/wp-json\/wp\/v2\/posts"}],"about":[{"href":"https:\/\/www.messinaoggi.it\/website\/wp-json\/wp\/v2\/types\/post"}],"author":[{"embeddable":true,"href":"https:\/\/www.messinaoggi.it\/website\/wp-json\/wp\/v2\/users\/18"}],"replies":[{"embeddable":true,"href":"https:\/\/www.messinaoggi.it\/website\/wp-json\/wp\/v2\/comments?post=245054"}],"version-history":[{"count":0,"href":"https:\/\/www.messinaoggi.it\/website\/wp-json\/wp\/v2\/posts\/245054\/revisions"}],"wp:featuredmedia":[{"embeddable":true,"href":"https:\/\/www.messinaoggi.it\/website\/wp-json\/wp\/v2\/media\/245055"}],"wp:attachment":[{"href":"https:\/\/www.messinaoggi.it\/website\/wp-json\/wp\/v2\/media?parent=245054"}],"wp:term":[{"taxonomy":"category","embeddable":true,"href":"https:\/\/www.messinaoggi.it\/website\/wp-json\/wp\/v2\/categories?post=245054"},{"taxonomy":"post_tag","embeddable":true,"href":"https:\/\/www.messinaoggi.it\/website\/wp-json\/wp\/v2\/tags?post=245054"}],"curies":[{"name":"wp","href":"https:\/\/api.w.org\/{rel}","templated":true}]}}